{"id":1857,"date":"2023-11-23T16:54:52","date_gmt":"2023-11-23T15:54:52","guid":{"rendered":"http:\/\/afammervalencia.es\/?p=1857"},"modified":"2023-11-23T16:54:52","modified_gmt":"2023-11-23T15:54:52","slug":"distincions-meninas","status":"publish","type":"post","link":"http:\/\/afammervalencia.es\/va\/distincions-meninas\/","title":{"rendered":"Distincions Meninas"},"content":{"rendered":"<p>Assistim a la IX Edici\u00f3 de lliurament de les Distincions Meninas, acte organitzat per la Delegaci\u00f3 del Govern de la Comunitat Valenciana:<br \/>\nAquestes distincions reconeixen el valor d&#8217;iniciatives per a l&#8217;eliminaci\u00f3 de la viol\u00e8ncia de g\u00e8nere.<br \/>\nAfammer Val\u00e8ncia organitza i participa aquesta setmana en diversos actes amb motiu del Dia Internacional de l&#8217;Eliminaci\u00f3 de la Viol\u00e8ncia contra la Dona, el 25 de Novembre.<\/p>\n","protected":false},"excerpt":{"rendered":"<p>Assistim a la IX Edici\u00f3 de lliurament de les Distincions Meninas, acte organitzat per la Delegaci\u00f3 del Govern de la Comunitat Valenciana: Aquestes distincions reconeixen el valor d&#8217;iniciatives per a&#8230;<\/p>\n","protected":false},"author":1,"featured_media":1854,"comment_status":"open","ping_status":"open","sticky":false,"template":"","format":"standard","meta":{"footnotes":""},"categories":[252,22,156,27,78],"tags":[],"class_list":{"0":"post-1857","1":"post","2":"type-post","3":"status-publish","4":"format-standard","5":"has-post-thumbnail","7":"category-25n-2","8":"category-activitas","9":"category-afammer-valencia-va","10":"category-informacio-general","11":"category-informacion-general-va"},"yoast_head":"<!-- This site is optimized with the Yoast SEO plugin v27.4 - https:\/\/yoast.com\/product\/yoast-seo-wordpress\/ -->\n<title>Distincions Meninas - AFAMMER<\/title>\n<meta name=\"robots\" content=\"index, follow, max-snippet:-1, max-image-preview:large, max-video-preview:-1\" \/>\n<link rel=\"canonical\" href=\"https:\/\/afammervalencia.es\/va\/distincions-meninas\/\" \/>\n<meta property=\"og:locale\" content=\"en_US\" \/>\n<meta property=\"og:type\" content=\"article\" \/>\n<meta property=\"og:title\" content=\"Distincions Meninas - AFAMMER\" \/>\n<meta property=\"og:description\" content=\"Assistim a la IX Edici\u00f3 de lliurament de les Distincions Meninas, acte organitzat per la Delegaci\u00f3 del Govern de la Comunitat Valenciana: Aquestes distincions reconeixen el valor d&#8217;iniciatives per a...\" \/>\n<meta property=\"og:url\" content=\"https:\/\/afammervalencia.es\/va\/distincions-meninas\/\" \/>\n<meta property=\"og:site_name\" content=\"AFAMMER\" \/>\n<meta property=\"article:published_time\" content=\"2023-11-23T15:54:52+00:00\" \/>\n<meta property=\"og:image\" content=\"https:\/\/afammervalencia.es\/wp-content\/uploads\/2023\/11\/403883895_730795465742494_8481891935630209288_n.jpg\" \/>\n\t<meta property=\"og:image:width\" content=\"1536\" \/>\n\t<meta property=\"og:image:height\" content=\"2048\" \/>\n\t<meta property=\"og:image:type\" content=\"image\/jpeg\" \/>\n<meta name=\"author\" content=\"AFAMMER Valencia\" \/>\n<meta name=\"twitter:card\" content=\"summary_large_image\" \/>\n<meta name=\"twitter:label1\" content=\"Written by\" \/>\n\t<meta name=\"twitter:data1\" content=\"AFAMMER Valencia\" \/>\n\t<meta name=\"twitter:label2\" content=\"Est. reading time\" \/>\n\t<meta name=\"twitter:data2\" content=\"1 minute\" \/>\n<script type=\"application\/ld+json\" class=\"yoast-schema-graph\">{\"@context\":\"https:\\\/\\\/schema.org\",\"@graph\":[{\"@type\":\"Article\",\"@id\":\"https:\\\/\\\/afammervalencia.es\\\/va\\\/distincions-meninas\\\/#article\",\"isPartOf\":{\"@id\":\"https:\\\/\\\/afammervalencia.es\\\/va\\\/distincions-meninas\\\/\"},\"author\":{\"name\":\"AFAMMER Valencia\",\"@id\":\"http:\\\/\\\/afammervalencia.es\\\/#\\\/schema\\\/person\\\/bf79401828d0b947b26878780a717ddd\"},\"headline\":\"Distincions Meninas\",\"datePublished\":\"2023-11-23T15:54:52+00:00\",\"mainEntityOfPage\":{\"@id\":\"https:\\\/\\\/afammervalencia.es\\\/va\\\/distincions-meninas\\\/\"},\"wordCount\":68,\"commentCount\":0,\"image\":{\"@id\":\"https:\\\/\\\/afammervalencia.es\\\/va\\\/distincions-meninas\\\/#primaryimage\"},\"thumbnailUrl\":\"http:\\\/\\\/afammervalencia.es\\\/wp-content\\\/uploads\\\/2023\\\/11\\\/403883895_730795465742494_8481891935630209288_n.jpg\",\"articleSection\":[\"25N\",\"Activitats\",\"Afammer Valencia\",\"Informaci\u00f3 general\",\"Informaci\u00f3n General\"],\"inLanguage\":\"val\",\"potentialAction\":[{\"@type\":\"CommentAction\",\"name\":\"Comment\",\"target\":[\"https:\\\/\\\/afammervalencia.es\\\/va\\\/distincions-meninas\\\/#respond\"]}]},{\"@type\":\"WebPage\",\"@id\":\"https:\\\/\\\/afammervalencia.es\\\/va\\\/distincions-meninas\\\/\",\"url\":\"https:\\\/\\\/afammervalencia.es\\\/va\\\/distincions-meninas\\\/\",\"name\":\"Distincions Meninas - AFAMMER\",\"isPartOf\":{\"@id\":\"http:\\\/\\\/afammervalencia.es\\\/#website\"},\"primaryImageOfPage\":{\"@id\":\"https:\\\/\\\/afammervalencia.es\\\/va\\\/distincions-meninas\\\/#primaryimage\"},\"image\":{\"@id\":\"https:\\\/\\\/afammervalencia.es\\\/va\\\/distincions-meninas\\\/#primaryimage\"},\"thumbnailUrl\":\"http:\\\/\\\/afammervalencia.es\\\/wp-content\\\/uploads\\\/2023\\\/11\\\/403883895_730795465742494_8481891935630209288_n.jpg\",\"datePublished\":\"2023-11-23T15:54:52+00:00\",\"author\":{\"@id\":\"http:\\\/\\\/afammervalencia.es\\\/#\\\/schema\\\/person\\\/bf79401828d0b947b26878780a717ddd\"},\"breadcrumb\":{\"@id\":\"https:\\\/\\\/afammervalencia.es\\\/va\\\/distincions-meninas\\\/#breadcrumb\"},\"inLanguage\":\"val\",\"potentialAction\":[{\"@type\":\"ReadAction\",\"target\":[\"https:\\\/\\\/afammervalencia.es\\\/va\\\/distincions-meninas\\\/\"]}]},{\"@type\":\"ImageObject\",\"inLanguage\":\"val\",\"@id\":\"https:\\\/\\\/afammervalencia.es\\\/va\\\/distincions-meninas\\\/#primaryimage\",\"url\":\"http:\\\/\\\/afammervalencia.es\\\/wp-content\\\/uploads\\\/2023\\\/11\\\/403883895_730795465742494_8481891935630209288_n.jpg\",\"contentUrl\":\"http:\\\/\\\/afammervalencia.es\\\/wp-content\\\/uploads\\\/2023\\\/11\\\/403883895_730795465742494_8481891935630209288_n.jpg\",\"width\":1536,\"height\":2048},{\"@type\":\"BreadcrumbList\",\"@id\":\"https:\\\/\\\/afammervalencia.es\\\/va\\\/distincions-meninas\\\/#breadcrumb\",\"itemListElement\":[{\"@type\":\"ListItem\",\"position\":1,\"name\":\"Portada\",\"item\":\"https:\\\/\\\/afammervalencia.es\\\/va\\\/\"},{\"@type\":\"ListItem\",\"position\":2,\"name\":\"Distincions Meninas\"}]},{\"@type\":\"WebSite\",\"@id\":\"http:\\\/\\\/afammervalencia.es\\\/#website\",\"url\":\"http:\\\/\\\/afammervalencia.es\\\/\",\"name\":\"AFAMMER\",\"description\":\"Valencia\",\"potentialAction\":[{\"@type\":\"SearchAction\",\"target\":{\"@type\":\"EntryPoint\",\"urlTemplate\":\"http:\\\/\\\/afammervalencia.es\\\/?s={search_term_string}\"},\"query-input\":{\"@type\":\"PropertyValueSpecification\",\"valueRequired\":true,\"valueName\":\"search_term_string\"}}],\"inLanguage\":\"val\"},{\"@type\":\"Person\",\"@id\":\"http:\\\/\\\/afammervalencia.es\\\/#\\\/schema\\\/person\\\/bf79401828d0b947b26878780a717ddd\",\"name\":\"AFAMMER Valencia\",\"image\":{\"@type\":\"ImageObject\",\"inLanguage\":\"val\",\"@id\":\"https:\\\/\\\/secure.gravatar.com\\\/avatar\\\/0ebdb257d8a3a80b0d981ea4df6b5e68e40e83c18e08fc9dbf6e713b65f61e46?s=96&d=mm&r=g\",\"url\":\"https:\\\/\\\/secure.gravatar.com\\\/avatar\\\/0ebdb257d8a3a80b0d981ea4df6b5e68e40e83c18e08fc9dbf6e713b65f61e46?s=96&d=mm&r=g\",\"contentUrl\":\"https:\\\/\\\/secure.gravatar.com\\\/avatar\\\/0ebdb257d8a3a80b0d981ea4df6b5e68e40e83c18e08fc9dbf6e713b65f61e46?s=96&d=mm&r=g\",\"caption\":\"AFAMMER Valencia\"},\"sameAs\":[\"http:\\\/\\\/afammervalencia.es\"],\"url\":\"http:\\\/\\\/afammervalencia.es\\\/va\\\/author\\\/administrador-autorizado\\\/\"}]}<\/script>\n<!-- \/ Yoast SEO plugin. -->","yoast_head_json":{"title":"Distincions Meninas - AFAMMER","robots":{"index":"index","follow":"follow","max-snippet":"max-snippet:-1","max-image-preview":"max-image-preview:large","max-video-preview":"max-video-preview:-1"},"canonical":"https:\/\/afammervalencia.es\/va\/distincions-meninas\/","og_locale":"en_US","og_type":"article","og_title":"Distincions Meninas - AFAMMER","og_description":"Assistim a la IX Edici\u00f3 de lliurament de les Distincions Meninas, acte organitzat per la Delegaci\u00f3 del Govern de la Comunitat Valenciana: Aquestes distincions reconeixen el valor d&#8217;iniciatives per a...","og_url":"https:\/\/afammervalencia.es\/va\/distincions-meninas\/","og_site_name":"AFAMMER","article_published_time":"2023-11-23T15:54:52+00:00","og_image":[{"width":1536,"height":2048,"url":"https:\/\/afammervalencia.es\/wp-content\/uploads\/2023\/11\/403883895_730795465742494_8481891935630209288_n.jpg","type":"image\/jpeg"}],"author":"AFAMMER Valencia","twitter_card":"summary_large_image","twitter_misc":{"Written by":"AFAMMER Valencia","Est. reading time":"1 minute"},"schema":{"@context":"https:\/\/schema.org","@graph":[{"@type":"Article","@id":"https:\/\/afammervalencia.es\/va\/distincions-meninas\/#article","isPartOf":{"@id":"https:\/\/afammervalencia.es\/va\/distincions-meninas\/"},"author":{"name":"AFAMMER Valencia","@id":"http:\/\/afammervalencia.es\/#\/schema\/person\/bf79401828d0b947b26878780a717ddd"},"headline":"Distincions Meninas","datePublished":"2023-11-23T15:54:52+00:00","mainEntityOfPage":{"@id":"https:\/\/afammervalencia.es\/va\/distincions-meninas\/"},"wordCount":68,"commentCount":0,"image":{"@id":"https:\/\/afammervalencia.es\/va\/distincions-meninas\/#primaryimage"},"thumbnailUrl":"http:\/\/afammervalencia.es\/wp-content\/uploads\/2023\/11\/403883895_730795465742494_8481891935630209288_n.jpg","articleSection":["25N","Activitats","Afammer Valencia","Informaci\u00f3 general","Informaci\u00f3n General"],"inLanguage":"val","potentialAction":[{"@type":"CommentAction","name":"Comment","target":["https:\/\/afammervalencia.es\/va\/distincions-meninas\/#respond"]}]},{"@type":"WebPage","@id":"https:\/\/afammervalencia.es\/va\/distincions-meninas\/","url":"https:\/\/afammervalencia.es\/va\/distincions-meninas\/","name":"Distincions Meninas - AFAMMER","isPartOf":{"@id":"http:\/\/afammervalencia.es\/#website"},"primaryImageOfPage":{"@id":"https:\/\/afammervalencia.es\/va\/distincions-meninas\/#primaryimage"},"image":{"@id":"https:\/\/afammervalencia.es\/va\/distincions-meninas\/#primaryimage"},"thumbnailUrl":"http:\/\/afammervalencia.es\/wp-content\/uploads\/2023\/11\/403883895_730795465742494_8481891935630209288_n.jpg","datePublished":"2023-11-23T15:54:52+00:00","author":{"@id":"http:\/\/afammervalencia.es\/#\/schema\/person\/bf79401828d0b947b26878780a717ddd"},"breadcrumb":{"@id":"https:\/\/afammervalencia.es\/va\/distincions-meninas\/#breadcrumb"},"inLanguage":"val","potentialAction":[{"@type":"ReadAction","target":["https:\/\/afammervalencia.es\/va\/distincions-meninas\/"]}]},{"@type":"ImageObject","inLanguage":"val","@id":"https:\/\/afammervalencia.es\/va\/distincions-meninas\/#primaryimage","url":"http:\/\/afammervalencia.es\/wp-content\/uploads\/2023\/11\/403883895_730795465742494_8481891935630209288_n.jpg","contentUrl":"http:\/\/afammervalencia.es\/wp-content\/uploads\/2023\/11\/403883895_730795465742494_8481891935630209288_n.jpg","width":1536,"height":2048},{"@type":"BreadcrumbList","@id":"https:\/\/afammervalencia.es\/va\/distincions-meninas\/#breadcrumb","itemListElement":[{"@type":"ListItem","position":1,"name":"Portada","item":"https:\/\/afammervalencia.es\/va\/"},{"@type":"ListItem","position":2,"name":"Distincions Meninas"}]},{"@type":"WebSite","@id":"http:\/\/afammervalencia.es\/#website","url":"http:\/\/afammervalencia.es\/","name":"AFAMMER","description":"Valencia","potentialAction":[{"@type":"SearchAction","target":{"@type":"EntryPoint","urlTemplate":"http:\/\/afammervalencia.es\/?s={search_term_string}"},"query-input":{"@type":"PropertyValueSpecification","valueRequired":true,"valueName":"search_term_string"}}],"inLanguage":"val"},{"@type":"Person","@id":"http:\/\/afammervalencia.es\/#\/schema\/person\/bf79401828d0b947b26878780a717ddd","name":"AFAMMER Valencia","image":{"@type":"ImageObject","inLanguage":"val","@id":"https:\/\/secure.gravatar.com\/avatar\/0ebdb257d8a3a80b0d981ea4df6b5e68e40e83c18e08fc9dbf6e713b65f61e46?s=96&d=mm&r=g","url":"https:\/\/secure.gravatar.com\/avatar\/0ebdb257d8a3a80b0d981ea4df6b5e68e40e83c18e08fc9dbf6e713b65f61e46?s=96&d=mm&r=g","contentUrl":"https:\/\/secure.gravatar.com\/avatar\/0ebdb257d8a3a80b0d981ea4df6b5e68e40e83c18e08fc9dbf6e713b65f61e46?s=96&d=mm&r=g","caption":"AFAMMER Valencia"},"sameAs":["http:\/\/afammervalencia.es"],"url":"http:\/\/afammervalencia.es\/va\/author\/administrador-autorizado\/"}]}},"_links":{"self":[{"href":"http:\/\/afammervalencia.es\/va\/wp-json\/wp\/v2\/posts\/1857","targetHints":{"allow":["GET"]}}],"collection":[{"href":"http:\/\/afammervalencia.es\/va\/wp-json\/wp\/v2\/posts"}],"about":[{"href":"http:\/\/afammervalencia.es\/va\/wp-json\/wp\/v2\/types\/post"}],"author":[{"embeddable":true,"href":"http:\/\/afammervalencia.es\/va\/wp-json\/wp\/v2\/users\/1"}],"replies":[{"embeddable":true,"href":"http:\/\/afammervalencia.es\/va\/wp-json\/wp\/v2\/comments?post=1857"}],"version-history":[{"count":1,"href":"http:\/\/afammervalencia.es\/va\/wp-json\/wp\/v2\/posts\/1857\/revisions"}],"predecessor-version":[{"id":1858,"href":"http:\/\/afammervalencia.es\/va\/wp-json\/wp\/v2\/posts\/1857\/revisions\/1858"}],"wp:featuredmedia":[{"embeddable":true,"href":"http:\/\/afammervalencia.es\/va\/wp-json\/wp\/v2\/media\/1854"}],"wp:attachment":[{"href":"http:\/\/afammervalencia.es\/va\/wp-json\/wp\/v2\/media?parent=1857"}],"wp:term":[{"taxonomy":"category","embeddable":true,"href":"http:\/\/afammervalencia.es\/va\/wp-json\/wp\/v2\/categories?post=1857"},{"taxonomy":"post_tag","embeddable":true,"href":"http:\/\/afammervalencia.es\/va\/wp-json\/wp\/v2\/tags?post=1857"}],"curies":[{"name":"wp","href":"https:\/\/api.w.org\/{rel}","templated":true}]}}