{"id":2718,"date":"2026-03-08T11:18:20","date_gmt":"2026-03-08T10:18:20","guid":{"rendered":"https:\/\/afammervalencia.es\/8-de-marzo-dia-internacional-de-la-mujer\/"},"modified":"2026-03-11T11:22:05","modified_gmt":"2026-03-11T10:22:05","slug":"8-de-marc-dia-internacional-de-la-dona","status":"publish","type":"post","link":"http:\/\/afammervalencia.es\/va\/8-de-marc-dia-internacional-de-la-dona\/","title":{"rendered":"8 de mar\u00e7 | Dia Internacional de la Dona"},"content":{"rendered":"<div>\n<p>Dia Internacional de la Dona 2026. En<span class=\"apple-converted-space\">\u00a0<\/span><strong data-start=\"84\" data-end=\"95\">AFAMMER<\/strong><span class=\"apple-converted-space\">\u00a0<\/span>continuem al\u00e7ant la veu per la igualtat, els drets i el reconeixement de les dones rurals, protagonistes del present i del futur dels nostres pobles.<\/p>\n<\/div>\n<div>\n<p data-start=\"247\" data-end=\"370\">Este 8 de mar\u00e7 i cada dia, reafirmem el nostre comprom\u00eds amb una societat m\u00e9s justa i igualit\u00e0ria per a totes les persones.<\/p>\n<\/div>\n<div>\n<p data-start=\"372\" data-end=\"568\">Des d\u2019<strong data-start=\"378\" data-end=\"398\">AFAMMER Val\u00e8ncia<\/strong><span class=\"apple-converted-space\">\u00a0<\/span>alcem la veu pels drets, la just\u00edcia i l\u2019acci\u00f3 per a<span class=\"apple-converted-space\">\u00a0<\/span><strong data-start=\"452\" data-end=\"461\">TOTES<\/strong><span class=\"apple-converted-space\">\u00a0<\/span>les dones i xiquetes, amb una mirada ferma cap al medi rural, on la igualtat continua sent un repte diari.<\/p>\n<\/div>\n<div>\n<p data-start=\"570\" data-end=\"847\" data-is-last-node=\"\" data-is-only-node=\"\">Dia Internacional de la Dona 2026. En un any especialment significatiu \u2014declarat per l\u2019<strong data-start=\"657\" data-end=\"664\">ONU<\/strong><span class=\"apple-converted-space\">\u00a0<\/span>Any Internacional de l\u2019Agricultora\u2014 reivindiquem el lideratge, la participaci\u00f3 i el reconeixement real de les dones rurals com a motor de desenvolupament sostenible i cohesi\u00f3 social.<\/p>\n<\/div>\n<div>\n<p>&nbsp;<\/p>\n<\/div>\n<p style=\"font-weight: 400;\">\n","protected":false},"excerpt":{"rendered":"<p>Dia Internacional de la Dona 2026. En\u00a0AFAMMER\u00a0continuem al\u00e7ant la veu per la igualtat, els drets i el reconeixement de les dones rurals, protagonistes del present i del futur dels nostres&#8230;<\/p>\n","protected":false},"author":1,"featured_media":2715,"comment_status":"open","ping_status":"open","sticky":false,"template":"","format":"standard","meta":{"footnotes":""},"categories":[316,22,156,27],"tags":[144],"class_list":{"0":"post-2718","1":"post","2":"type-post","3":"status-publish","4":"format-standard","5":"has-post-thumbnail","7":"category-8m","8":"category-activitas","9":"category-afammer-valencia-va","10":"category-informacio-general","11":"tag-dia-internacional-de-la-mujer-va"},"yoast_head":"<!-- This site is optimized with the Yoast SEO plugin v27.5 - https:\/\/yoast.com\/product\/yoast-seo-wordpress\/ -->\n<title>Dia Internacional de la Dona 2026<\/title>\n<meta name=\"description\" content=\"Dia Internacional de la Dona 2026. Afammer Valencia\" \/>\n<meta name=\"robots\" content=\"index, follow, max-snippet:-1, max-image-preview:large, max-video-preview:-1\" \/>\n<link rel=\"canonical\" href=\"http:\/\/afammervalencia.es\/va\/8-de-marc-dia-internacional-de-la-dona\/\" \/>\n<meta property=\"og:locale\" content=\"en_US\" \/>\n<meta property=\"og:type\" content=\"article\" \/>\n<meta property=\"og:title\" content=\"Dia Internacional de la Dona 2026\" \/>\n<meta property=\"og:description\" content=\"Dia Internacional de la Dona 2026. Afammer Valencia\" \/>\n<meta property=\"og:url\" content=\"http:\/\/afammervalencia.es\/va\/8-de-marc-dia-internacional-de-la-dona\/\" \/>\n<meta property=\"og:site_name\" content=\"AFAMMER\" \/>\n<meta property=\"article:published_time\" content=\"2026-03-08T10:18:20+00:00\" \/>\n<meta property=\"article:modified_time\" content=\"2026-03-11T10:22:05+00:00\" \/>\n<meta property=\"og:image\" content=\"http:\/\/afammervalencia.es\/wp-content\/uploads\/2026\/03\/8-marzo-2026.jpg\" \/>\n\t<meta property=\"og:image:width\" content=\"1080\" \/>\n\t<meta property=\"og:image:height\" content=\"1080\" \/>\n\t<meta property=\"og:image:type\" content=\"image\/jpeg\" \/>\n<meta name=\"author\" content=\"AFAMMER Valencia\" \/>\n<meta name=\"twitter:card\" content=\"summary_large_image\" \/>\n<meta name=\"twitter:label1\" content=\"Written by\" \/>\n\t<meta name=\"twitter:data1\" content=\"AFAMMER Valencia\" \/>\n\t<meta name=\"twitter:label2\" content=\"Est. reading time\" \/>\n\t<meta name=\"twitter:data2\" content=\"1 minute\" \/>\n<script type=\"application\/ld+json\" class=\"yoast-schema-graph\">{\"@context\":\"https:\\\/\\\/schema.org\",\"@graph\":[{\"@type\":\"Article\",\"@id\":\"http:\\\/\\\/afammervalencia.es\\\/va\\\/8-de-marc-dia-internacional-de-la-dona\\\/#article\",\"isPartOf\":{\"@id\":\"http:\\\/\\\/afammervalencia.es\\\/va\\\/8-de-marc-dia-internacional-de-la-dona\\\/\"},\"author\":{\"name\":\"AFAMMER Valencia\",\"@id\":\"https:\\\/\\\/afammervalencia.es\\\/#\\\/schema\\\/person\\\/bf79401828d0b947b26878780a717ddd\"},\"headline\":\"8 de mar\u00e7 | Dia Internacional de la Dona\",\"datePublished\":\"2026-03-08T10:18:20+00:00\",\"dateModified\":\"2026-03-11T10:22:05+00:00\",\"mainEntityOfPage\":{\"@id\":\"http:\\\/\\\/afammervalencia.es\\\/va\\\/8-de-marc-dia-internacional-de-la-dona\\\/\"},\"wordCount\":146,\"commentCount\":0,\"image\":{\"@id\":\"http:\\\/\\\/afammervalencia.es\\\/va\\\/8-de-marc-dia-internacional-de-la-dona\\\/#primaryimage\"},\"thumbnailUrl\":\"http:\\\/\\\/afammervalencia.es\\\/wp-content\\\/uploads\\\/2026\\\/03\\\/8-marzo-2026.jpg\",\"keywords\":[\"D\u00eda Internacional de la Mujer\"],\"articleSection\":[\"8M\",\"Activitats\",\"Afammer Valencia\",\"Informaci\u00f3 general\"],\"inLanguage\":\"val\",\"potentialAction\":[{\"@type\":\"CommentAction\",\"name\":\"Comment\",\"target\":[\"http:\\\/\\\/afammervalencia.es\\\/va\\\/8-de-marc-dia-internacional-de-la-dona\\\/#respond\"]}]},{\"@type\":\"WebPage\",\"@id\":\"http:\\\/\\\/afammervalencia.es\\\/va\\\/8-de-marc-dia-internacional-de-la-dona\\\/\",\"url\":\"http:\\\/\\\/afammervalencia.es\\\/va\\\/8-de-marc-dia-internacional-de-la-dona\\\/\",\"name\":\"Dia Internacional de la Dona 2026\",\"isPartOf\":{\"@id\":\"https:\\\/\\\/afammervalencia.es\\\/#website\"},\"primaryImageOfPage\":{\"@id\":\"http:\\\/\\\/afammervalencia.es\\\/va\\\/8-de-marc-dia-internacional-de-la-dona\\\/#primaryimage\"},\"image\":{\"@id\":\"http:\\\/\\\/afammervalencia.es\\\/va\\\/8-de-marc-dia-internacional-de-la-dona\\\/#primaryimage\"},\"thumbnailUrl\":\"http:\\\/\\\/afammervalencia.es\\\/wp-content\\\/uploads\\\/2026\\\/03\\\/8-marzo-2026.jpg\",\"datePublished\":\"2026-03-08T10:18:20+00:00\",\"dateModified\":\"2026-03-11T10:22:05+00:00\",\"author\":{\"@id\":\"https:\\\/\\\/afammervalencia.es\\\/#\\\/schema\\\/person\\\/bf79401828d0b947b26878780a717ddd\"},\"description\":\"Dia Internacional de la Dona 2026. Afammer Valencia\",\"breadcrumb\":{\"@id\":\"http:\\\/\\\/afammervalencia.es\\\/va\\\/8-de-marc-dia-internacional-de-la-dona\\\/#breadcrumb\"},\"inLanguage\":\"val\",\"potentialAction\":[{\"@type\":\"ReadAction\",\"target\":[\"http:\\\/\\\/afammervalencia.es\\\/va\\\/8-de-marc-dia-internacional-de-la-dona\\\/\"]}]},{\"@type\":\"ImageObject\",\"inLanguage\":\"val\",\"@id\":\"http:\\\/\\\/afammervalencia.es\\\/va\\\/8-de-marc-dia-internacional-de-la-dona\\\/#primaryimage\",\"url\":\"http:\\\/\\\/afammervalencia.es\\\/wp-content\\\/uploads\\\/2026\\\/03\\\/8-marzo-2026.jpg\",\"contentUrl\":\"http:\\\/\\\/afammervalencia.es\\\/wp-content\\\/uploads\\\/2026\\\/03\\\/8-marzo-2026.jpg\",\"width\":1080,\"height\":1080},{\"@type\":\"BreadcrumbList\",\"@id\":\"http:\\\/\\\/afammervalencia.es\\\/va\\\/8-de-marc-dia-internacional-de-la-dona\\\/#breadcrumb\",\"itemListElement\":[{\"@type\":\"ListItem\",\"position\":1,\"name\":\"Portada\",\"item\":\"https:\\\/\\\/afammervalencia.es\\\/va\\\/\"},{\"@type\":\"ListItem\",\"position\":2,\"name\":\"8 de mar\u00e7 | Dia Internacional de la Dona\"}]},{\"@type\":\"WebSite\",\"@id\":\"https:\\\/\\\/afammervalencia.es\\\/#website\",\"url\":\"https:\\\/\\\/afammervalencia.es\\\/\",\"name\":\"AFAMMER\",\"description\":\"Valencia\",\"potentialAction\":[{\"@type\":\"SearchAction\",\"target\":{\"@type\":\"EntryPoint\",\"urlTemplate\":\"https:\\\/\\\/afammervalencia.es\\\/?s={search_term_string}\"},\"query-input\":{\"@type\":\"PropertyValueSpecification\",\"valueRequired\":true,\"valueName\":\"search_term_string\"}}],\"inLanguage\":\"val\"},{\"@type\":\"Person\",\"@id\":\"https:\\\/\\\/afammervalencia.es\\\/#\\\/schema\\\/person\\\/bf79401828d0b947b26878780a717ddd\",\"name\":\"AFAMMER Valencia\",\"image\":{\"@type\":\"ImageObject\",\"inLanguage\":\"val\",\"@id\":\"https:\\\/\\\/secure.gravatar.com\\\/avatar\\\/0ebdb257d8a3a80b0d981ea4df6b5e68e40e83c18e08fc9dbf6e713b65f61e46?s=96&d=mm&r=g\",\"url\":\"https:\\\/\\\/secure.gravatar.com\\\/avatar\\\/0ebdb257d8a3a80b0d981ea4df6b5e68e40e83c18e08fc9dbf6e713b65f61e46?s=96&d=mm&r=g\",\"contentUrl\":\"https:\\\/\\\/secure.gravatar.com\\\/avatar\\\/0ebdb257d8a3a80b0d981ea4df6b5e68e40e83c18e08fc9dbf6e713b65f61e46?s=96&d=mm&r=g\",\"caption\":\"AFAMMER Valencia\"},\"sameAs\":[\"http:\\\/\\\/afammervalencia.es\"],\"url\":\"http:\\\/\\\/afammervalencia.es\\\/va\\\/author\\\/administrador-autorizado\\\/\"}]}<\/script>\n<!-- \/ Yoast SEO plugin. -->","yoast_head_json":{"title":"Dia Internacional de la Dona 2026","description":"Dia Internacional de la Dona 2026. Afammer Valencia","robots":{"index":"index","follow":"follow","max-snippet":"max-snippet:-1","max-image-preview":"max-image-preview:large","max-video-preview":"max-video-preview:-1"},"canonical":"http:\/\/afammervalencia.es\/va\/8-de-marc-dia-internacional-de-la-dona\/","og_locale":"en_US","og_type":"article","og_title":"Dia Internacional de la Dona 2026","og_description":"Dia Internacional de la Dona 2026. Afammer Valencia","og_url":"http:\/\/afammervalencia.es\/va\/8-de-marc-dia-internacional-de-la-dona\/","og_site_name":"AFAMMER","article_published_time":"2026-03-08T10:18:20+00:00","article_modified_time":"2026-03-11T10:22:05+00:00","og_image":[{"width":1080,"height":1080,"url":"http:\/\/afammervalencia.es\/wp-content\/uploads\/2026\/03\/8-marzo-2026.jpg","type":"image\/jpeg"}],"author":"AFAMMER Valencia","twitter_card":"summary_large_image","twitter_misc":{"Written by":"AFAMMER Valencia","Est. reading time":"1 minute"},"schema":{"@context":"https:\/\/schema.org","@graph":[{"@type":"Article","@id":"http:\/\/afammervalencia.es\/va\/8-de-marc-dia-internacional-de-la-dona\/#article","isPartOf":{"@id":"http:\/\/afammervalencia.es\/va\/8-de-marc-dia-internacional-de-la-dona\/"},"author":{"name":"AFAMMER Valencia","@id":"https:\/\/afammervalencia.es\/#\/schema\/person\/bf79401828d0b947b26878780a717ddd"},"headline":"8 de mar\u00e7 | Dia Internacional de la Dona","datePublished":"2026-03-08T10:18:20+00:00","dateModified":"2026-03-11T10:22:05+00:00","mainEntityOfPage":{"@id":"http:\/\/afammervalencia.es\/va\/8-de-marc-dia-internacional-de-la-dona\/"},"wordCount":146,"commentCount":0,"image":{"@id":"http:\/\/afammervalencia.es\/va\/8-de-marc-dia-internacional-de-la-dona\/#primaryimage"},"thumbnailUrl":"http:\/\/afammervalencia.es\/wp-content\/uploads\/2026\/03\/8-marzo-2026.jpg","keywords":["D\u00eda Internacional de la Mujer"],"articleSection":["8M","Activitats","Afammer Valencia","Informaci\u00f3 general"],"inLanguage":"val","potentialAction":[{"@type":"CommentAction","name":"Comment","target":["http:\/\/afammervalencia.es\/va\/8-de-marc-dia-internacional-de-la-dona\/#respond"]}]},{"@type":"WebPage","@id":"http:\/\/afammervalencia.es\/va\/8-de-marc-dia-internacional-de-la-dona\/","url":"http:\/\/afammervalencia.es\/va\/8-de-marc-dia-internacional-de-la-dona\/","name":"Dia Internacional de la Dona 2026","isPartOf":{"@id":"https:\/\/afammervalencia.es\/#website"},"primaryImageOfPage":{"@id":"http:\/\/afammervalencia.es\/va\/8-de-marc-dia-internacional-de-la-dona\/#primaryimage"},"image":{"@id":"http:\/\/afammervalencia.es\/va\/8-de-marc-dia-internacional-de-la-dona\/#primaryimage"},"thumbnailUrl":"http:\/\/afammervalencia.es\/wp-content\/uploads\/2026\/03\/8-marzo-2026.jpg","datePublished":"2026-03-08T10:18:20+00:00","dateModified":"2026-03-11T10:22:05+00:00","author":{"@id":"https:\/\/afammervalencia.es\/#\/schema\/person\/bf79401828d0b947b26878780a717ddd"},"description":"Dia Internacional de la Dona 2026. Afammer Valencia","breadcrumb":{"@id":"http:\/\/afammervalencia.es\/va\/8-de-marc-dia-internacional-de-la-dona\/#breadcrumb"},"inLanguage":"val","potentialAction":[{"@type":"ReadAction","target":["http:\/\/afammervalencia.es\/va\/8-de-marc-dia-internacional-de-la-dona\/"]}]},{"@type":"ImageObject","inLanguage":"val","@id":"http:\/\/afammervalencia.es\/va\/8-de-marc-dia-internacional-de-la-dona\/#primaryimage","url":"http:\/\/afammervalencia.es\/wp-content\/uploads\/2026\/03\/8-marzo-2026.jpg","contentUrl":"http:\/\/afammervalencia.es\/wp-content\/uploads\/2026\/03\/8-marzo-2026.jpg","width":1080,"height":1080},{"@type":"BreadcrumbList","@id":"http:\/\/afammervalencia.es\/va\/8-de-marc-dia-internacional-de-la-dona\/#breadcrumb","itemListElement":[{"@type":"ListItem","position":1,"name":"Portada","item":"https:\/\/afammervalencia.es\/va\/"},{"@type":"ListItem","position":2,"name":"8 de mar\u00e7 | Dia Internacional de la Dona"}]},{"@type":"WebSite","@id":"https:\/\/afammervalencia.es\/#website","url":"https:\/\/afammervalencia.es\/","name":"AFAMMER","description":"Valencia","potentialAction":[{"@type":"SearchAction","target":{"@type":"EntryPoint","urlTemplate":"https:\/\/afammervalencia.es\/?s={search_term_string}"},"query-input":{"@type":"PropertyValueSpecification","valueRequired":true,"valueName":"search_term_string"}}],"inLanguage":"val"},{"@type":"Person","@id":"https:\/\/afammervalencia.es\/#\/schema\/person\/bf79401828d0b947b26878780a717ddd","name":"AFAMMER Valencia","image":{"@type":"ImageObject","inLanguage":"val","@id":"https:\/\/secure.gravatar.com\/avatar\/0ebdb257d8a3a80b0d981ea4df6b5e68e40e83c18e08fc9dbf6e713b65f61e46?s=96&d=mm&r=g","url":"https:\/\/secure.gravatar.com\/avatar\/0ebdb257d8a3a80b0d981ea4df6b5e68e40e83c18e08fc9dbf6e713b65f61e46?s=96&d=mm&r=g","contentUrl":"https:\/\/secure.gravatar.com\/avatar\/0ebdb257d8a3a80b0d981ea4df6b5e68e40e83c18e08fc9dbf6e713b65f61e46?s=96&d=mm&r=g","caption":"AFAMMER Valencia"},"sameAs":["http:\/\/afammervalencia.es"],"url":"http:\/\/afammervalencia.es\/va\/author\/administrador-autorizado\/"}]}},"_links":{"self":[{"href":"http:\/\/afammervalencia.es\/va\/wp-json\/wp\/v2\/posts\/2718","targetHints":{"allow":["GET"]}}],"collection":[{"href":"http:\/\/afammervalencia.es\/va\/wp-json\/wp\/v2\/posts"}],"about":[{"href":"http:\/\/afammervalencia.es\/va\/wp-json\/wp\/v2\/types\/post"}],"author":[{"embeddable":true,"href":"http:\/\/afammervalencia.es\/va\/wp-json\/wp\/v2\/users\/1"}],"replies":[{"embeddable":true,"href":"http:\/\/afammervalencia.es\/va\/wp-json\/wp\/v2\/comments?post=2718"}],"version-history":[{"count":3,"href":"http:\/\/afammervalencia.es\/va\/wp-json\/wp\/v2\/posts\/2718\/revisions"}],"predecessor-version":[{"id":2721,"href":"http:\/\/afammervalencia.es\/va\/wp-json\/wp\/v2\/posts\/2718\/revisions\/2721"}],"wp:featuredmedia":[{"embeddable":true,"href":"http:\/\/afammervalencia.es\/va\/wp-json\/wp\/v2\/media\/2715"}],"wp:attachment":[{"href":"http:\/\/afammervalencia.es\/va\/wp-json\/wp\/v2\/media?parent=2718"}],"wp:term":[{"taxonomy":"category","embeddable":true,"href":"http:\/\/afammervalencia.es\/va\/wp-json\/wp\/v2\/categories?post=2718"},{"taxonomy":"post_tag","embeddable":true,"href":"http:\/\/afammervalencia.es\/va\/wp-json\/wp\/v2\/tags?post=2718"}],"curies":[{"name":"wp","href":"https:\/\/api.w.org\/{rel}","templated":true}]}}