{"id":2654,"date":"2025-12-23T13:55:12","date_gmt":"2025-12-23T12:55:12","guid":{"rendered":"https:\/\/afammervalencia.es\/afammer-valencia-concluye-el-proyecto-com-partim-impulsando-la-conciliacion-en-entornos-rurales\/"},"modified":"2025-12-23T13:58:11","modified_gmt":"2025-12-23T12:58:11","slug":"afammer-valencia-concluye-el-proyecto-com-partim-impulsando-la-conciliacion-en-entornos-rurales","status":"publish","type":"post","link":"https:\/\/afammervalencia.es\/va\/afammer-valencia-concluye-el-proyecto-com-partim-impulsando-la-conciliacion-en-entornos-rurales\/","title":{"rendered":"AFAMMER Val\u00e8ncia conclou el projecte Com-partim impulsant la conciliaci\u00f3 en entorns rurals"},"content":{"rendered":"<p style=\"font-weight: 400;\">L\u2019acte de cloenda del programa, celebrat a Val\u00e8ncia, ha comptat amb la participaci\u00f3 d\u2019experts que han abordat aspectes vinculats a la conciliaci\u00f3 i la corresponsabilitat des de diferents punts de vista.<\/p>\n<p style=\"font-weight: 400;\">La jornada, a la qual han assistit nombroses dones procedents de diferents punts de la geografia de la Comunitat Valenciana, ha concl\u00f2s amb un ric debat que ha posat de manifest la necessitat de continuar avan\u00e7ant en processos que contribu\u00efsquen a assolir la igualtat real d\u2019oportunitats en el m\u00f3n rural.<\/p>\n<p style=\"font-weight: 400;\">El programa COM-PARTIM \u00e9s una iniciativa desenvolupada en els \u00faltims mesos per AFAMMER Val\u00e8ncia, adre\u00e7ada a la formaci\u00f3 i empoderament de dones rurals de la Comunitat Valenciana, amb l\u2019objectiu de fomentar l\u2019emprenedoria, l\u2019autonomia econ\u00f2mica i la plena participaci\u00f3 social, alhora que s\u2019impulsa la conciliaci\u00f3 i la corresponsabilitat en l\u2019\u00e0mbit familiar i comunitari.<\/p>\n<p style=\"font-weight: 400;\">Durant la seua intervenci\u00f3 en la jornada final del projecte, Amparo Mora, presidenta d\u2019AFAMMER Comunitat Valenciana, ha posat de manifest \u201cla necessitat d\u2019impulsar el desenvolupament de compet\u00e8ncies personals i professionals, el refor\u00e7 de l\u2019autoestima, el lideratge i l\u2019autocura, aix\u00ed com la creaci\u00f3 de xarxes de suport i cooperaci\u00f3 entre dones rurals, comptant necess\u00e0riament per a aix\u00f2 amb el suport d\u2019entitats p\u00fabliques i privades que ajuden col\u00b7lectius com AFAMMER a despertar inquietuds i canviar rols tant d\u2019homes com de dones en el m\u00f3n rural\u201d.<\/p>\n<p style=\"font-weight: 400;\">Com-partim s\u2019ha articulat a trav\u00e9s d\u2019accions de formaci\u00f3 i sensibilitzaci\u00f3 social, que han recorregut nombrosos municipis per informar i conscienciar sobre el repartiment equilibrat de les cures i de les tasques de la llar mitjan\u00e7ant estands informatius i din\u00e0miques participatives en espais p\u00fablics.<\/p>\n<p style=\"font-weight: 400;\">La inauguraci\u00f3 de l\u2019acte va anar a c\u00e0rrec de Carlos Campos, director d\u2019AgroBank a la Comunitat Valenciana, mentre que la cloenda de la jornada va ser realitzada per Davinia Bono, directora general d\u2019Igualtat i de l\u2019Institut de les Dones, qui va destacar l\u2019esfor\u00e7 realitzat per AFAMMER Val\u00e8ncia en la posada en marxa del projecte en un temps r\u00e8cord i la repercussi\u00f3 sobre la societat rural de la nostra comunitat.<\/p>\n<p style=\"font-weight: 400;\">El projecte, finan\u00e7at per la Vicepresid\u00e8ncia Primera i Conselleria d\u2019Habitatge, Ocupaci\u00f3, Joventut i Igualtat de la Generalitat Valenciana, ha comptat amb la col\u00b7laboraci\u00f3 d\u2019AgroBank.<\/p>\n<p style=\"font-weight: 400;\">\n","protected":false},"excerpt":{"rendered":"<p>L\u2019acte de cloenda del programa, celebrat a Val\u00e8ncia, ha comptat amb la participaci\u00f3 d\u2019experts que han abordat aspectes vinculats a la conciliaci\u00f3 i la corresponsabilitat des de diferents punts de&#8230;<\/p>\n","protected":false},"author":1,"featured_media":2652,"comment_status":"open","ping_status":"open","sticky":false,"template":"","format":"standard","meta":{"footnotes":""},"categories":[22,156,269,27],"tags":[302],"class_list":{"0":"post-2654","1":"post","2":"type-post","3":"status-publish","4":"format-standard","5":"has-post-thumbnail","7":"category-activitas","8":"category-afammer-valencia-va","9":"category-generalitat-valenciana-va","10":"category-informacio-general","11":"tag-com-partim-2025"},"yoast_head":"<!-- This site is optimized with the Yoast SEO plugin v27.5 - https:\/\/yoast.com\/product\/yoast-seo-wordpress\/ -->\n<title>conclou el projecte Com-partim<\/title>\n<meta name=\"description\" content=\"conclou el projecte Com-partim. AFAMMER Val\u00e8ncia conclou el projecte Com-partim impulsant la conciliaci\u00f3 en entorns rurals\" \/>\n<meta name=\"robots\" content=\"index, follow, max-snippet:-1, max-image-preview:large, max-video-preview:-1\" \/>\n<link rel=\"canonical\" href=\"https:\/\/afammervalencia.es\/va\/afammer-valencia-concluye-el-proyecto-com-partim-impulsando-la-conciliacion-en-entornos-rurales\/\" \/>\n<meta property=\"og:locale\" content=\"en_US\" \/>\n<meta property=\"og:type\" content=\"article\" \/>\n<meta property=\"og:title\" content=\"conclou el projecte Com-partim\" \/>\n<meta property=\"og:description\" content=\"conclou el projecte Com-partim. AFAMMER Val\u00e8ncia conclou el projecte Com-partim impulsant la conciliaci\u00f3 en entorns rurals\" \/>\n<meta property=\"og:url\" content=\"https:\/\/afammervalencia.es\/va\/afammer-valencia-concluye-el-proyecto-com-partim-impulsando-la-conciliacion-en-entornos-rurales\/\" \/>\n<meta property=\"og:site_name\" content=\"AFAMMER\" \/>\n<meta property=\"article:published_time\" content=\"2025-12-23T12:55:12+00:00\" \/>\n<meta property=\"article:modified_time\" content=\"2025-12-23T12:58:11+00:00\" \/>\n<meta property=\"og:image\" content=\"https:\/\/afammervalencia.es\/wp-content\/uploads\/2025\/12\/Compartim-2.jpg\" \/>\n\t<meta property=\"og:image:width\" content=\"1506\" \/>\n\t<meta property=\"og:image:height\" content=\"1278\" \/>\n\t<meta property=\"og:image:type\" content=\"image\/jpeg\" \/>\n<meta name=\"author\" content=\"AFAMMER Valencia\" \/>\n<meta name=\"twitter:card\" content=\"summary_large_image\" \/>\n<meta name=\"twitter:label1\" content=\"Written by\" \/>\n\t<meta name=\"twitter:data1\" content=\"AFAMMER Valencia\" \/>\n\t<meta name=\"twitter:label2\" content=\"Est. reading time\" \/>\n\t<meta name=\"twitter:data2\" content=\"2 minutes\" \/>\n<script type=\"application\/ld+json\" class=\"yoast-schema-graph\">{\"@context\":\"https:\\\/\\\/schema.org\",\"@graph\":[{\"@type\":\"Article\",\"@id\":\"https:\\\/\\\/afammervalencia.es\\\/va\\\/afammer-valencia-concluye-el-proyecto-com-partim-impulsando-la-conciliacion-en-entornos-rurales\\\/#article\",\"isPartOf\":{\"@id\":\"https:\\\/\\\/afammervalencia.es\\\/va\\\/afammer-valencia-concluye-el-proyecto-com-partim-impulsando-la-conciliacion-en-entornos-rurales\\\/\"},\"author\":{\"name\":\"AFAMMER Valencia\",\"@id\":\"https:\\\/\\\/afammervalencia.es\\\/#\\\/schema\\\/person\\\/bf79401828d0b947b26878780a717ddd\"},\"headline\":\"AFAMMER Val\u00e8ncia conclou el projecte Com-partim impulsant la conciliaci\u00f3 en entorns rurals\",\"datePublished\":\"2025-12-23T12:55:12+00:00\",\"dateModified\":\"2025-12-23T12:58:11+00:00\",\"mainEntityOfPage\":{\"@id\":\"https:\\\/\\\/afammervalencia.es\\\/va\\\/afammer-valencia-concluye-el-proyecto-com-partim-impulsando-la-conciliacion-en-entornos-rurales\\\/\"},\"wordCount\":411,\"commentCount\":0,\"image\":{\"@id\":\"https:\\\/\\\/afammervalencia.es\\\/va\\\/afammer-valencia-concluye-el-proyecto-com-partim-impulsando-la-conciliacion-en-entornos-rurales\\\/#primaryimage\"},\"thumbnailUrl\":\"https:\\\/\\\/afammervalencia.es\\\/wp-content\\\/uploads\\\/2025\\\/12\\\/Compartim-2.jpg\",\"keywords\":[\"Com-partim 2025\"],\"articleSection\":[\"Activitats\",\"Afammer Valencia\",\"Generalitat Valenciana\",\"Informaci\u00f3 general\"],\"inLanguage\":\"val\",\"potentialAction\":[{\"@type\":\"CommentAction\",\"name\":\"Comment\",\"target\":[\"https:\\\/\\\/afammervalencia.es\\\/va\\\/afammer-valencia-concluye-el-proyecto-com-partim-impulsando-la-conciliacion-en-entornos-rurales\\\/#respond\"]}]},{\"@type\":\"WebPage\",\"@id\":\"https:\\\/\\\/afammervalencia.es\\\/va\\\/afammer-valencia-concluye-el-proyecto-com-partim-impulsando-la-conciliacion-en-entornos-rurales\\\/\",\"url\":\"https:\\\/\\\/afammervalencia.es\\\/va\\\/afammer-valencia-concluye-el-proyecto-com-partim-impulsando-la-conciliacion-en-entornos-rurales\\\/\",\"name\":\"conclou el projecte Com-partim\",\"isPartOf\":{\"@id\":\"https:\\\/\\\/afammervalencia.es\\\/#website\"},\"primaryImageOfPage\":{\"@id\":\"https:\\\/\\\/afammervalencia.es\\\/va\\\/afammer-valencia-concluye-el-proyecto-com-partim-impulsando-la-conciliacion-en-entornos-rurales\\\/#primaryimage\"},\"image\":{\"@id\":\"https:\\\/\\\/afammervalencia.es\\\/va\\\/afammer-valencia-concluye-el-proyecto-com-partim-impulsando-la-conciliacion-en-entornos-rurales\\\/#primaryimage\"},\"thumbnailUrl\":\"https:\\\/\\\/afammervalencia.es\\\/wp-content\\\/uploads\\\/2025\\\/12\\\/Compartim-2.jpg\",\"datePublished\":\"2025-12-23T12:55:12+00:00\",\"dateModified\":\"2025-12-23T12:58:11+00:00\",\"author\":{\"@id\":\"https:\\\/\\\/afammervalencia.es\\\/#\\\/schema\\\/person\\\/bf79401828d0b947b26878780a717ddd\"},\"description\":\"conclou el projecte Com-partim. AFAMMER Val\u00e8ncia conclou el projecte Com-partim impulsant la conciliaci\u00f3 en entorns rurals\",\"breadcrumb\":{\"@id\":\"https:\\\/\\\/afammervalencia.es\\\/va\\\/afammer-valencia-concluye-el-proyecto-com-partim-impulsando-la-conciliacion-en-entornos-rurales\\\/#breadcrumb\"},\"inLanguage\":\"val\",\"potentialAction\":[{\"@type\":\"ReadAction\",\"target\":[\"https:\\\/\\\/afammervalencia.es\\\/va\\\/afammer-valencia-concluye-el-proyecto-com-partim-impulsando-la-conciliacion-en-entornos-rurales\\\/\"]}]},{\"@type\":\"ImageObject\",\"inLanguage\":\"val\",\"@id\":\"https:\\\/\\\/afammervalencia.es\\\/va\\\/afammer-valencia-concluye-el-proyecto-com-partim-impulsando-la-conciliacion-en-entornos-rurales\\\/#primaryimage\",\"url\":\"https:\\\/\\\/afammervalencia.es\\\/wp-content\\\/uploads\\\/2025\\\/12\\\/Compartim-2.jpg\",\"contentUrl\":\"https:\\\/\\\/afammervalencia.es\\\/wp-content\\\/uploads\\\/2025\\\/12\\\/Compartim-2.jpg\",\"width\":1506,\"height\":1278},{\"@type\":\"BreadcrumbList\",\"@id\":\"https:\\\/\\\/afammervalencia.es\\\/va\\\/afammer-valencia-concluye-el-proyecto-com-partim-impulsando-la-conciliacion-en-entornos-rurales\\\/#breadcrumb\",\"itemListElement\":[{\"@type\":\"ListItem\",\"position\":1,\"name\":\"Portada\",\"item\":\"https:\\\/\\\/afammervalencia.es\\\/va\\\/\"},{\"@type\":\"ListItem\",\"position\":2,\"name\":\"AFAMMER Val\u00e8ncia conclou el projecte Com-partim impulsant la conciliaci\u00f3 en entorns rurals\"}]},{\"@type\":\"WebSite\",\"@id\":\"https:\\\/\\\/afammervalencia.es\\\/#website\",\"url\":\"https:\\\/\\\/afammervalencia.es\\\/\",\"name\":\"AFAMMER\",\"description\":\"Valencia\",\"potentialAction\":[{\"@type\":\"SearchAction\",\"target\":{\"@type\":\"EntryPoint\",\"urlTemplate\":\"https:\\\/\\\/afammervalencia.es\\\/?s={search_term_string}\"},\"query-input\":{\"@type\":\"PropertyValueSpecification\",\"valueRequired\":true,\"valueName\":\"search_term_string\"}}],\"inLanguage\":\"val\"},{\"@type\":\"Person\",\"@id\":\"https:\\\/\\\/afammervalencia.es\\\/#\\\/schema\\\/person\\\/bf79401828d0b947b26878780a717ddd\",\"name\":\"AFAMMER Valencia\",\"image\":{\"@type\":\"ImageObject\",\"inLanguage\":\"val\",\"@id\":\"https:\\\/\\\/secure.gravatar.com\\\/avatar\\\/0ebdb257d8a3a80b0d981ea4df6b5e68e40e83c18e08fc9dbf6e713b65f61e46?s=96&d=mm&r=g\",\"url\":\"https:\\\/\\\/secure.gravatar.com\\\/avatar\\\/0ebdb257d8a3a80b0d981ea4df6b5e68e40e83c18e08fc9dbf6e713b65f61e46?s=96&d=mm&r=g\",\"contentUrl\":\"https:\\\/\\\/secure.gravatar.com\\\/avatar\\\/0ebdb257d8a3a80b0d981ea4df6b5e68e40e83c18e08fc9dbf6e713b65f61e46?s=96&d=mm&r=g\",\"caption\":\"AFAMMER Valencia\"},\"sameAs\":[\"http:\\\/\\\/afammervalencia.es\"],\"url\":\"https:\\\/\\\/afammervalencia.es\\\/va\\\/author\\\/administrador-autorizado\\\/\"}]}<\/script>\n<!-- \/ Yoast SEO plugin. -->","yoast_head_json":{"title":"conclou el projecte Com-partim","description":"conclou el projecte Com-partim. AFAMMER Val\u00e8ncia conclou el projecte Com-partim impulsant la conciliaci\u00f3 en entorns rurals","robots":{"index":"index","follow":"follow","max-snippet":"max-snippet:-1","max-image-preview":"max-image-preview:large","max-video-preview":"max-video-preview:-1"},"canonical":"https:\/\/afammervalencia.es\/va\/afammer-valencia-concluye-el-proyecto-com-partim-impulsando-la-conciliacion-en-entornos-rurales\/","og_locale":"en_US","og_type":"article","og_title":"conclou el projecte Com-partim","og_description":"conclou el projecte Com-partim. AFAMMER Val\u00e8ncia conclou el projecte Com-partim impulsant la conciliaci\u00f3 en entorns rurals","og_url":"https:\/\/afammervalencia.es\/va\/afammer-valencia-concluye-el-proyecto-com-partim-impulsando-la-conciliacion-en-entornos-rurales\/","og_site_name":"AFAMMER","article_published_time":"2025-12-23T12:55:12+00:00","article_modified_time":"2025-12-23T12:58:11+00:00","og_image":[{"width":1506,"height":1278,"url":"https:\/\/afammervalencia.es\/wp-content\/uploads\/2025\/12\/Compartim-2.jpg","type":"image\/jpeg"}],"author":"AFAMMER Valencia","twitter_card":"summary_large_image","twitter_misc":{"Written by":"AFAMMER Valencia","Est. reading time":"2 minutes"},"schema":{"@context":"https:\/\/schema.org","@graph":[{"@type":"Article","@id":"https:\/\/afammervalencia.es\/va\/afammer-valencia-concluye-el-proyecto-com-partim-impulsando-la-conciliacion-en-entornos-rurales\/#article","isPartOf":{"@id":"https:\/\/afammervalencia.es\/va\/afammer-valencia-concluye-el-proyecto-com-partim-impulsando-la-conciliacion-en-entornos-rurales\/"},"author":{"name":"AFAMMER Valencia","@id":"https:\/\/afammervalencia.es\/#\/schema\/person\/bf79401828d0b947b26878780a717ddd"},"headline":"AFAMMER Val\u00e8ncia conclou el projecte Com-partim impulsant la conciliaci\u00f3 en entorns rurals","datePublished":"2025-12-23T12:55:12+00:00","dateModified":"2025-12-23T12:58:11+00:00","mainEntityOfPage":{"@id":"https:\/\/afammervalencia.es\/va\/afammer-valencia-concluye-el-proyecto-com-partim-impulsando-la-conciliacion-en-entornos-rurales\/"},"wordCount":411,"commentCount":0,"image":{"@id":"https:\/\/afammervalencia.es\/va\/afammer-valencia-concluye-el-proyecto-com-partim-impulsando-la-conciliacion-en-entornos-rurales\/#primaryimage"},"thumbnailUrl":"https:\/\/afammervalencia.es\/wp-content\/uploads\/2025\/12\/Compartim-2.jpg","keywords":["Com-partim 2025"],"articleSection":["Activitats","Afammer Valencia","Generalitat Valenciana","Informaci\u00f3 general"],"inLanguage":"val","potentialAction":[{"@type":"CommentAction","name":"Comment","target":["https:\/\/afammervalencia.es\/va\/afammer-valencia-concluye-el-proyecto-com-partim-impulsando-la-conciliacion-en-entornos-rurales\/#respond"]}]},{"@type":"WebPage","@id":"https:\/\/afammervalencia.es\/va\/afammer-valencia-concluye-el-proyecto-com-partim-impulsando-la-conciliacion-en-entornos-rurales\/","url":"https:\/\/afammervalencia.es\/va\/afammer-valencia-concluye-el-proyecto-com-partim-impulsando-la-conciliacion-en-entornos-rurales\/","name":"conclou el projecte Com-partim","isPartOf":{"@id":"https:\/\/afammervalencia.es\/#website"},"primaryImageOfPage":{"@id":"https:\/\/afammervalencia.es\/va\/afammer-valencia-concluye-el-proyecto-com-partim-impulsando-la-conciliacion-en-entornos-rurales\/#primaryimage"},"image":{"@id":"https:\/\/afammervalencia.es\/va\/afammer-valencia-concluye-el-proyecto-com-partim-impulsando-la-conciliacion-en-entornos-rurales\/#primaryimage"},"thumbnailUrl":"https:\/\/afammervalencia.es\/wp-content\/uploads\/2025\/12\/Compartim-2.jpg","datePublished":"2025-12-23T12:55:12+00:00","dateModified":"2025-12-23T12:58:11+00:00","author":{"@id":"https:\/\/afammervalencia.es\/#\/schema\/person\/bf79401828d0b947b26878780a717ddd"},"description":"conclou el projecte Com-partim. AFAMMER Val\u00e8ncia conclou el projecte Com-partim impulsant la conciliaci\u00f3 en entorns rurals","breadcrumb":{"@id":"https:\/\/afammervalencia.es\/va\/afammer-valencia-concluye-el-proyecto-com-partim-impulsando-la-conciliacion-en-entornos-rurales\/#breadcrumb"},"inLanguage":"val","potentialAction":[{"@type":"ReadAction","target":["https:\/\/afammervalencia.es\/va\/afammer-valencia-concluye-el-proyecto-com-partim-impulsando-la-conciliacion-en-entornos-rurales\/"]}]},{"@type":"ImageObject","inLanguage":"val","@id":"https:\/\/afammervalencia.es\/va\/afammer-valencia-concluye-el-proyecto-com-partim-impulsando-la-conciliacion-en-entornos-rurales\/#primaryimage","url":"https:\/\/afammervalencia.es\/wp-content\/uploads\/2025\/12\/Compartim-2.jpg","contentUrl":"https:\/\/afammervalencia.es\/wp-content\/uploads\/2025\/12\/Compartim-2.jpg","width":1506,"height":1278},{"@type":"BreadcrumbList","@id":"https:\/\/afammervalencia.es\/va\/afammer-valencia-concluye-el-proyecto-com-partim-impulsando-la-conciliacion-en-entornos-rurales\/#breadcrumb","itemListElement":[{"@type":"ListItem","position":1,"name":"Portada","item":"https:\/\/afammervalencia.es\/va\/"},{"@type":"ListItem","position":2,"name":"AFAMMER Val\u00e8ncia conclou el projecte Com-partim impulsant la conciliaci\u00f3 en entorns rurals"}]},{"@type":"WebSite","@id":"https:\/\/afammervalencia.es\/#website","url":"https:\/\/afammervalencia.es\/","name":"AFAMMER","description":"Valencia","potentialAction":[{"@type":"SearchAction","target":{"@type":"EntryPoint","urlTemplate":"https:\/\/afammervalencia.es\/?s={search_term_string}"},"query-input":{"@type":"PropertyValueSpecification","valueRequired":true,"valueName":"search_term_string"}}],"inLanguage":"val"},{"@type":"Person","@id":"https:\/\/afammervalencia.es\/#\/schema\/person\/bf79401828d0b947b26878780a717ddd","name":"AFAMMER Valencia","image":{"@type":"ImageObject","inLanguage":"val","@id":"https:\/\/secure.gravatar.com\/avatar\/0ebdb257d8a3a80b0d981ea4df6b5e68e40e83c18e08fc9dbf6e713b65f61e46?s=96&d=mm&r=g","url":"https:\/\/secure.gravatar.com\/avatar\/0ebdb257d8a3a80b0d981ea4df6b5e68e40e83c18e08fc9dbf6e713b65f61e46?s=96&d=mm&r=g","contentUrl":"https:\/\/secure.gravatar.com\/avatar\/0ebdb257d8a3a80b0d981ea4df6b5e68e40e83c18e08fc9dbf6e713b65f61e46?s=96&d=mm&r=g","caption":"AFAMMER Valencia"},"sameAs":["http:\/\/afammervalencia.es"],"url":"https:\/\/afammervalencia.es\/va\/author\/administrador-autorizado\/"}]}},"_links":{"self":[{"href":"https:\/\/afammervalencia.es\/va\/wp-json\/wp\/v2\/posts\/2654","targetHints":{"allow":["GET"]}}],"collection":[{"href":"https:\/\/afammervalencia.es\/va\/wp-json\/wp\/v2\/posts"}],"about":[{"href":"https:\/\/afammervalencia.es\/va\/wp-json\/wp\/v2\/types\/post"}],"author":[{"embeddable":true,"href":"https:\/\/afammervalencia.es\/va\/wp-json\/wp\/v2\/users\/1"}],"replies":[{"embeddable":true,"href":"https:\/\/afammervalencia.es\/va\/wp-json\/wp\/v2\/comments?post=2654"}],"version-history":[{"count":2,"href":"https:\/\/afammervalencia.es\/va\/wp-json\/wp\/v2\/posts\/2654\/revisions"}],"predecessor-version":[{"id":2656,"href":"https:\/\/afammervalencia.es\/va\/wp-json\/wp\/v2\/posts\/2654\/revisions\/2656"}],"wp:featuredmedia":[{"embeddable":true,"href":"https:\/\/afammervalencia.es\/va\/wp-json\/wp\/v2\/media\/2652"}],"wp:attachment":[{"href":"https:\/\/afammervalencia.es\/va\/wp-json\/wp\/v2\/media?parent=2654"}],"wp:term":[{"taxonomy":"category","embeddable":true,"href":"https:\/\/afammervalencia.es\/va\/wp-json\/wp\/v2\/categories?post=2654"},{"taxonomy":"post_tag","embeddable":true,"href":"https:\/\/afammervalencia.es\/va\/wp-json\/wp\/v2\/tags?post=2654"}],"curies":[{"name":"wp","href":"https:\/\/api.w.org\/{rel}","templated":true}]}}