{"id":2670,"date":"2026-01-05T08:28:00","date_gmt":"2026-01-05T07:28:00","guid":{"rendered":"https:\/\/afammervalencia.es\/?p=2670"},"modified":"2026-01-05T08:28:00","modified_gmt":"2026-01-05T07:28:00","slug":"alcora-avanca-en-apoderament-i-desenvolupament-personal","status":"publish","type":"post","link":"https:\/\/afammervalencia.es\/va\/alcora-avanca-en-apoderament-i-desenvolupament-personal\/","title":{"rendered":"Alcora avan\u00e7a en apoderament i desenvolupament personal"},"content":{"rendered":"<p style=\"font-weight: 400;\">Ja estem en la fase final del curs d\u2019Intel\u00b7lig\u00e8ncia emocional i habilitats personals en l\u2019\u00e0mbit laboral de 30 hores a l\u2019Alcora (Castell\u00f3), i el balan\u00e7 no pot ser m\u00e9s positiu.<\/p>\n<p style=\"font-weight: 400;\">Durant aquestes sessions, les participants han treballat en:<\/p>\n<ul>\n<li>Autoconeixement i creixement personal<\/li>\n<li>Intel\u00b7lig\u00e8ncia emocional aplicada a la feina<\/li>\n<li>Habilitats socials<\/li>\n<li>Comunicaci\u00f3 efectiva i estils de comportament<\/li>\n<\/ul>\n<p style=\"font-weight: 400;\">Una formaci\u00f3 que enforteix la confian\u00e7a, obri oportunitats i contribu\u00efx al fet que m\u00e9s dones de l\u2019\u00e0mbit rural afronten el futur amb m\u00e9s seguretat, ferramentes i lideratge.<\/p>\n<p style=\"font-weight: 400;\">Gr\u00e0cies al finan\u00e7ament de la Fundaci\u00f3 Santa Elena continuem generant un impacte real en el territori, acompanyant processos d\u2019aprenentatge i creant comunitat.<\/p>\n<p style=\"font-weight: 400;\">\n","protected":false},"excerpt":{"rendered":"<p>Ja estem en la fase final del curs d\u2019Intel\u00b7lig\u00e8ncia emocional i habilitats personals en l\u2019\u00e0mbit laboral de 30 hores a l\u2019Alcora (Castell\u00f3), i el balan\u00e7 no pot ser m\u00e9s positiu&#8230;.<\/p>\n","protected":false},"author":1,"featured_media":2668,"comment_status":"open","ping_status":"open","sticky":false,"template":"","format":"standard","meta":{"footnotes":""},"categories":[22,156,109,27],"tags":[308],"class_list":{"0":"post-2670","1":"post","2":"type-post","3":"status-publish","4":"format-standard","5":"has-post-thumbnail","7":"category-activitas","8":"category-afammer-valencia-va","9":"category-formacio","10":"category-informacio-general","11":"tag-fundacion-santa-elena"},"yoast_head":"<!-- This site is optimized with the Yoast SEO plugin v27.5 - https:\/\/yoast.com\/product\/yoast-seo-wordpress\/ -->\n<title>Alcora avan\u00e7a en apoderament i desenvolupament personal<\/title>\n<meta name=\"description\" content=\"Alcora avan\u00e7a en apoderament i desenvolupament personal Fundaci\u00f3n Santa Elena AFAMMER Valencia\" \/>\n<meta name=\"robots\" content=\"index, follow, max-snippet:-1, max-image-preview:large, max-video-preview:-1\" \/>\n<link rel=\"canonical\" href=\"http:\/\/afammervalencia.es\/va\/alcora-avanca-en-apoderament-i-desenvolupament-personal\/\" \/>\n<meta property=\"og:locale\" content=\"en_US\" \/>\n<meta property=\"og:type\" content=\"article\" \/>\n<meta property=\"og:title\" content=\"Alcora avan\u00e7a en apoderament i desenvolupament personal\" \/>\n<meta property=\"og:description\" content=\"Alcora avan\u00e7a en apoderament i desenvolupament personal Fundaci\u00f3n Santa Elena AFAMMER Valencia\" \/>\n<meta property=\"og:url\" content=\"http:\/\/afammervalencia.es\/va\/alcora-avanca-en-apoderament-i-desenvolupament-personal\/\" \/>\n<meta property=\"og:site_name\" content=\"AFAMMER\" \/>\n<meta property=\"article:published_time\" content=\"2026-01-05T07:28:00+00:00\" \/>\n<meta property=\"og:image\" content=\"http:\/\/afammervalencia.es\/wp-content\/uploads\/2026\/01\/Alcora-empoderamiento-y-desarrollo-personal-.jpg\" \/>\n\t<meta property=\"og:image:width\" content=\"2048\" \/>\n\t<meta property=\"og:image:height\" content=\"1536\" \/>\n\t<meta property=\"og:image:type\" content=\"image\/jpeg\" \/>\n<meta name=\"author\" content=\"AFAMMER Valencia\" \/>\n<meta name=\"twitter:card\" content=\"summary_large_image\" \/>\n<meta name=\"twitter:label1\" content=\"Written by\" \/>\n\t<meta name=\"twitter:data1\" content=\"AFAMMER Valencia\" \/>\n\t<meta name=\"twitter:label2\" content=\"Est. reading time\" \/>\n\t<meta name=\"twitter:data2\" content=\"1 minute\" \/>\n<script type=\"application\/ld+json\" class=\"yoast-schema-graph\">{\"@context\":\"https:\\\/\\\/schema.org\",\"@graph\":[{\"@type\":\"Article\",\"@id\":\"http:\\\/\\\/afammervalencia.es\\\/va\\\/alcora-avanca-en-apoderament-i-desenvolupament-personal\\\/#article\",\"isPartOf\":{\"@id\":\"http:\\\/\\\/afammervalencia.es\\\/va\\\/alcora-avanca-en-apoderament-i-desenvolupament-personal\\\/\"},\"author\":{\"name\":\"AFAMMER Valencia\",\"@id\":\"https:\\\/\\\/afammervalencia.es\\\/#\\\/schema\\\/person\\\/bf79401828d0b947b26878780a717ddd\"},\"headline\":\"Alcora avan\u00e7a en apoderament i desenvolupament personal\",\"datePublished\":\"2026-01-05T07:28:00+00:00\",\"mainEntityOfPage\":{\"@id\":\"http:\\\/\\\/afammervalencia.es\\\/va\\\/alcora-avanca-en-apoderament-i-desenvolupament-personal\\\/\"},\"wordCount\":128,\"commentCount\":0,\"image\":{\"@id\":\"http:\\\/\\\/afammervalencia.es\\\/va\\\/alcora-avanca-en-apoderament-i-desenvolupament-personal\\\/#primaryimage\"},\"thumbnailUrl\":\"https:\\\/\\\/afammervalencia.es\\\/wp-content\\\/uploads\\\/2026\\\/01\\\/Alcora-empoderamiento-y-desarrollo-personal-.jpg\",\"keywords\":[\"Fundaci\u00f3n Santa Elena\"],\"articleSection\":[\"Activitats\",\"Afammer Valencia\",\"Formaci\u00f3\",\"Informaci\u00f3 general\"],\"inLanguage\":\"val\",\"potentialAction\":[{\"@type\":\"CommentAction\",\"name\":\"Comment\",\"target\":[\"http:\\\/\\\/afammervalencia.es\\\/va\\\/alcora-avanca-en-apoderament-i-desenvolupament-personal\\\/#respond\"]}]},{\"@type\":\"WebPage\",\"@id\":\"http:\\\/\\\/afammervalencia.es\\\/va\\\/alcora-avanca-en-apoderament-i-desenvolupament-personal\\\/\",\"url\":\"http:\\\/\\\/afammervalencia.es\\\/va\\\/alcora-avanca-en-apoderament-i-desenvolupament-personal\\\/\",\"name\":\"Alcora avan\u00e7a en apoderament i desenvolupament personal\",\"isPartOf\":{\"@id\":\"https:\\\/\\\/afammervalencia.es\\\/#website\"},\"primaryImageOfPage\":{\"@id\":\"http:\\\/\\\/afammervalencia.es\\\/va\\\/alcora-avanca-en-apoderament-i-desenvolupament-personal\\\/#primaryimage\"},\"image\":{\"@id\":\"http:\\\/\\\/afammervalencia.es\\\/va\\\/alcora-avanca-en-apoderament-i-desenvolupament-personal\\\/#primaryimage\"},\"thumbnailUrl\":\"https:\\\/\\\/afammervalencia.es\\\/wp-content\\\/uploads\\\/2026\\\/01\\\/Alcora-empoderamiento-y-desarrollo-personal-.jpg\",\"datePublished\":\"2026-01-05T07:28:00+00:00\",\"author\":{\"@id\":\"https:\\\/\\\/afammervalencia.es\\\/#\\\/schema\\\/person\\\/bf79401828d0b947b26878780a717ddd\"},\"description\":\"Alcora avan\u00e7a en apoderament i desenvolupament personal Fundaci\u00f3n Santa Elena AFAMMER Valencia\",\"breadcrumb\":{\"@id\":\"http:\\\/\\\/afammervalencia.es\\\/va\\\/alcora-avanca-en-apoderament-i-desenvolupament-personal\\\/#breadcrumb\"},\"inLanguage\":\"val\",\"potentialAction\":[{\"@type\":\"ReadAction\",\"target\":[\"http:\\\/\\\/afammervalencia.es\\\/va\\\/alcora-avanca-en-apoderament-i-desenvolupament-personal\\\/\"]}]},{\"@type\":\"ImageObject\",\"inLanguage\":\"val\",\"@id\":\"http:\\\/\\\/afammervalencia.es\\\/va\\\/alcora-avanca-en-apoderament-i-desenvolupament-personal\\\/#primaryimage\",\"url\":\"https:\\\/\\\/afammervalencia.es\\\/wp-content\\\/uploads\\\/2026\\\/01\\\/Alcora-empoderamiento-y-desarrollo-personal-.jpg\",\"contentUrl\":\"https:\\\/\\\/afammervalencia.es\\\/wp-content\\\/uploads\\\/2026\\\/01\\\/Alcora-empoderamiento-y-desarrollo-personal-.jpg\",\"width\":2048,\"height\":1536,\"caption\":\"Alcora avanza en empoderamiento y desarrollo personal\"},{\"@type\":\"BreadcrumbList\",\"@id\":\"http:\\\/\\\/afammervalencia.es\\\/va\\\/alcora-avanca-en-apoderament-i-desenvolupament-personal\\\/#breadcrumb\",\"itemListElement\":[{\"@type\":\"ListItem\",\"position\":1,\"name\":\"Portada\",\"item\":\"https:\\\/\\\/afammervalencia.es\\\/va\\\/\"},{\"@type\":\"ListItem\",\"position\":2,\"name\":\"Alcora avan\u00e7a en apoderament i desenvolupament personal\"}]},{\"@type\":\"WebSite\",\"@id\":\"https:\\\/\\\/afammervalencia.es\\\/#website\",\"url\":\"https:\\\/\\\/afammervalencia.es\\\/\",\"name\":\"AFAMMER\",\"description\":\"Valencia\",\"potentialAction\":[{\"@type\":\"SearchAction\",\"target\":{\"@type\":\"EntryPoint\",\"urlTemplate\":\"https:\\\/\\\/afammervalencia.es\\\/?s={search_term_string}\"},\"query-input\":{\"@type\":\"PropertyValueSpecification\",\"valueRequired\":true,\"valueName\":\"search_term_string\"}}],\"inLanguage\":\"val\"},{\"@type\":\"Person\",\"@id\":\"https:\\\/\\\/afammervalencia.es\\\/#\\\/schema\\\/person\\\/bf79401828d0b947b26878780a717ddd\",\"name\":\"AFAMMER Valencia\",\"image\":{\"@type\":\"ImageObject\",\"inLanguage\":\"val\",\"@id\":\"https:\\\/\\\/secure.gravatar.com\\\/avatar\\\/0ebdb257d8a3a80b0d981ea4df6b5e68e40e83c18e08fc9dbf6e713b65f61e46?s=96&d=mm&r=g\",\"url\":\"https:\\\/\\\/secure.gravatar.com\\\/avatar\\\/0ebdb257d8a3a80b0d981ea4df6b5e68e40e83c18e08fc9dbf6e713b65f61e46?s=96&d=mm&r=g\",\"contentUrl\":\"https:\\\/\\\/secure.gravatar.com\\\/avatar\\\/0ebdb257d8a3a80b0d981ea4df6b5e68e40e83c18e08fc9dbf6e713b65f61e46?s=96&d=mm&r=g\",\"caption\":\"AFAMMER Valencia\"},\"sameAs\":[\"http:\\\/\\\/afammervalencia.es\"],\"url\":\"https:\\\/\\\/afammervalencia.es\\\/va\\\/author\\\/administrador-autorizado\\\/\"}]}<\/script>\n<!-- \/ Yoast SEO plugin. -->","yoast_head_json":{"title":"Alcora avan\u00e7a en apoderament i desenvolupament personal","description":"Alcora avan\u00e7a en apoderament i desenvolupament personal Fundaci\u00f3n Santa Elena AFAMMER Valencia","robots":{"index":"index","follow":"follow","max-snippet":"max-snippet:-1","max-image-preview":"max-image-preview:large","max-video-preview":"max-video-preview:-1"},"canonical":"http:\/\/afammervalencia.es\/va\/alcora-avanca-en-apoderament-i-desenvolupament-personal\/","og_locale":"en_US","og_type":"article","og_title":"Alcora avan\u00e7a en apoderament i desenvolupament personal","og_description":"Alcora avan\u00e7a en apoderament i desenvolupament personal Fundaci\u00f3n Santa Elena AFAMMER Valencia","og_url":"http:\/\/afammervalencia.es\/va\/alcora-avanca-en-apoderament-i-desenvolupament-personal\/","og_site_name":"AFAMMER","article_published_time":"2026-01-05T07:28:00+00:00","og_image":[{"width":2048,"height":1536,"url":"http:\/\/afammervalencia.es\/wp-content\/uploads\/2026\/01\/Alcora-empoderamiento-y-desarrollo-personal-.jpg","type":"image\/jpeg"}],"author":"AFAMMER Valencia","twitter_card":"summary_large_image","twitter_misc":{"Written by":"AFAMMER Valencia","Est. reading time":"1 minute"},"schema":{"@context":"https:\/\/schema.org","@graph":[{"@type":"Article","@id":"http:\/\/afammervalencia.es\/va\/alcora-avanca-en-apoderament-i-desenvolupament-personal\/#article","isPartOf":{"@id":"http:\/\/afammervalencia.es\/va\/alcora-avanca-en-apoderament-i-desenvolupament-personal\/"},"author":{"name":"AFAMMER Valencia","@id":"https:\/\/afammervalencia.es\/#\/schema\/person\/bf79401828d0b947b26878780a717ddd"},"headline":"Alcora avan\u00e7a en apoderament i desenvolupament personal","datePublished":"2026-01-05T07:28:00+00:00","mainEntityOfPage":{"@id":"http:\/\/afammervalencia.es\/va\/alcora-avanca-en-apoderament-i-desenvolupament-personal\/"},"wordCount":128,"commentCount":0,"image":{"@id":"http:\/\/afammervalencia.es\/va\/alcora-avanca-en-apoderament-i-desenvolupament-personal\/#primaryimage"},"thumbnailUrl":"https:\/\/afammervalencia.es\/wp-content\/uploads\/2026\/01\/Alcora-empoderamiento-y-desarrollo-personal-.jpg","keywords":["Fundaci\u00f3n Santa Elena"],"articleSection":["Activitats","Afammer Valencia","Formaci\u00f3","Informaci\u00f3 general"],"inLanguage":"val","potentialAction":[{"@type":"CommentAction","name":"Comment","target":["http:\/\/afammervalencia.es\/va\/alcora-avanca-en-apoderament-i-desenvolupament-personal\/#respond"]}]},{"@type":"WebPage","@id":"http:\/\/afammervalencia.es\/va\/alcora-avanca-en-apoderament-i-desenvolupament-personal\/","url":"http:\/\/afammervalencia.es\/va\/alcora-avanca-en-apoderament-i-desenvolupament-personal\/","name":"Alcora avan\u00e7a en apoderament i desenvolupament personal","isPartOf":{"@id":"https:\/\/afammervalencia.es\/#website"},"primaryImageOfPage":{"@id":"http:\/\/afammervalencia.es\/va\/alcora-avanca-en-apoderament-i-desenvolupament-personal\/#primaryimage"},"image":{"@id":"http:\/\/afammervalencia.es\/va\/alcora-avanca-en-apoderament-i-desenvolupament-personal\/#primaryimage"},"thumbnailUrl":"https:\/\/afammervalencia.es\/wp-content\/uploads\/2026\/01\/Alcora-empoderamiento-y-desarrollo-personal-.jpg","datePublished":"2026-01-05T07:28:00+00:00","author":{"@id":"https:\/\/afammervalencia.es\/#\/schema\/person\/bf79401828d0b947b26878780a717ddd"},"description":"Alcora avan\u00e7a en apoderament i desenvolupament personal Fundaci\u00f3n Santa Elena AFAMMER Valencia","breadcrumb":{"@id":"http:\/\/afammervalencia.es\/va\/alcora-avanca-en-apoderament-i-desenvolupament-personal\/#breadcrumb"},"inLanguage":"val","potentialAction":[{"@type":"ReadAction","target":["http:\/\/afammervalencia.es\/va\/alcora-avanca-en-apoderament-i-desenvolupament-personal\/"]}]},{"@type":"ImageObject","inLanguage":"val","@id":"http:\/\/afammervalencia.es\/va\/alcora-avanca-en-apoderament-i-desenvolupament-personal\/#primaryimage","url":"https:\/\/afammervalencia.es\/wp-content\/uploads\/2026\/01\/Alcora-empoderamiento-y-desarrollo-personal-.jpg","contentUrl":"https:\/\/afammervalencia.es\/wp-content\/uploads\/2026\/01\/Alcora-empoderamiento-y-desarrollo-personal-.jpg","width":2048,"height":1536,"caption":"Alcora avanza en empoderamiento y desarrollo personal"},{"@type":"BreadcrumbList","@id":"http:\/\/afammervalencia.es\/va\/alcora-avanca-en-apoderament-i-desenvolupament-personal\/#breadcrumb","itemListElement":[{"@type":"ListItem","position":1,"name":"Portada","item":"https:\/\/afammervalencia.es\/va\/"},{"@type":"ListItem","position":2,"name":"Alcora avan\u00e7a en apoderament i desenvolupament personal"}]},{"@type":"WebSite","@id":"https:\/\/afammervalencia.es\/#website","url":"https:\/\/afammervalencia.es\/","name":"AFAMMER","description":"Valencia","potentialAction":[{"@type":"SearchAction","target":{"@type":"EntryPoint","urlTemplate":"https:\/\/afammervalencia.es\/?s={search_term_string}"},"query-input":{"@type":"PropertyValueSpecification","valueRequired":true,"valueName":"search_term_string"}}],"inLanguage":"val"},{"@type":"Person","@id":"https:\/\/afammervalencia.es\/#\/schema\/person\/bf79401828d0b947b26878780a717ddd","name":"AFAMMER Valencia","image":{"@type":"ImageObject","inLanguage":"val","@id":"https:\/\/secure.gravatar.com\/avatar\/0ebdb257d8a3a80b0d981ea4df6b5e68e40e83c18e08fc9dbf6e713b65f61e46?s=96&d=mm&r=g","url":"https:\/\/secure.gravatar.com\/avatar\/0ebdb257d8a3a80b0d981ea4df6b5e68e40e83c18e08fc9dbf6e713b65f61e46?s=96&d=mm&r=g","contentUrl":"https:\/\/secure.gravatar.com\/avatar\/0ebdb257d8a3a80b0d981ea4df6b5e68e40e83c18e08fc9dbf6e713b65f61e46?s=96&d=mm&r=g","caption":"AFAMMER Valencia"},"sameAs":["http:\/\/afammervalencia.es"],"url":"https:\/\/afammervalencia.es\/va\/author\/administrador-autorizado\/"}]}},"_links":{"self":[{"href":"https:\/\/afammervalencia.es\/va\/wp-json\/wp\/v2\/posts\/2670","targetHints":{"allow":["GET"]}}],"collection":[{"href":"https:\/\/afammervalencia.es\/va\/wp-json\/wp\/v2\/posts"}],"about":[{"href":"https:\/\/afammervalencia.es\/va\/wp-json\/wp\/v2\/types\/post"}],"author":[{"embeddable":true,"href":"https:\/\/afammervalencia.es\/va\/wp-json\/wp\/v2\/users\/1"}],"replies":[{"embeddable":true,"href":"https:\/\/afammervalencia.es\/va\/wp-json\/wp\/v2\/comments?post=2670"}],"version-history":[{"count":2,"href":"https:\/\/afammervalencia.es\/va\/wp-json\/wp\/v2\/posts\/2670\/revisions"}],"predecessor-version":[{"id":2672,"href":"https:\/\/afammervalencia.es\/va\/wp-json\/wp\/v2\/posts\/2670\/revisions\/2672"}],"wp:featuredmedia":[{"embeddable":true,"href":"https:\/\/afammervalencia.es\/va\/wp-json\/wp\/v2\/media\/2668"}],"wp:attachment":[{"href":"https:\/\/afammervalencia.es\/va\/wp-json\/wp\/v2\/media?parent=2670"}],"wp:term":[{"taxonomy":"category","embeddable":true,"href":"https:\/\/afammervalencia.es\/va\/wp-json\/wp\/v2\/categories?post=2670"},{"taxonomy":"post_tag","embeddable":true,"href":"https:\/\/afammervalencia.es\/va\/wp-json\/wp\/v2\/tags?post=2670"}],"curies":[{"name":"wp","href":"https:\/\/api.w.org\/{rel}","templated":true}]}}