{"id":2678,"date":"2026-01-07T08:42:44","date_gmt":"2026-01-07T07:42:44","guid":{"rendered":"https:\/\/afammervalencia.es\/sesiones-del-curso-de-habilidades-digitales-basicas-en-xilxes\/"},"modified":"2026-01-07T08:46:21","modified_gmt":"2026-01-07T07:46:21","slug":"sessions-del-curs-dhabilitats-digitals-basiques-a-xilxes","status":"publish","type":"post","link":"https:\/\/afammervalencia.es\/va\/sessions-del-curs-dhabilitats-digitals-basiques-a-xilxes\/","title":{"rendered":"Sessions del Curs d\u2019Habilitats Digitals B\u00e0siques a Xilxes"},"content":{"rendered":"<div>\n<p class=\"my-2\">Finalitzen les sessions del Curs d\u2019Habilitats Digitals B\u00e0siques a Xilxes i no podem estar m\u00e9s orgulloses.<\/p>\n<\/div>\n<div>\n<p class=\"my-2\">Les participants han guanyat seguretat, autonomia digital i, sobretot, confian\u00e7a per a continuar connectades al m\u00f3n\u2026 i aix\u00f2 \u00e9s or pur en l\u2019\u00e0mbit rural.<\/p>\n<\/div>\n<div>\n<p class=\"my-2\"><a href=\"https:\/\/www.facebook.com\/afammervlc\">Acabem el curs i tamb\u00e9 un any intens\u00edssim, ple d\u2019activitats<\/a>, aprenentatges compartits i dones que demostren cada dia que el talent i les ganes no entenen de barreres.<\/p>\n<\/div>\n<div>\n<p class=\"my-2\">Des d\u2019Afammer Val\u00e8ncia volem agrair a l\u2019Ajuntament de Xilxes la seua col\u00b7laboraci\u00f3 i a la Fundaci\u00f3 Santa Elena el finan\u00e7ament.<\/p>\n<\/div>\n<div>\n<p class=\"my-2\"><a href=\"https:\/\/afammervalencia.es\/afammer-valencia-inicia-en-chilches-las-sesiones-del-curso-de-habilidades-digitales-basicas\/\">Continuem sumant oportunitats i construint futur.<\/a><\/p>\n<\/div>\n<p style=\"font-weight: 400;\">\n<p style=\"font-weight: 400;\">\n","protected":false},"excerpt":{"rendered":"<p>Finalitzen les sessions del Curs d\u2019Habilitats Digitals B\u00e0siques a Xilxes i no podem estar m\u00e9s orgulloses. Les participants han guanyat seguretat, autonomia digital i, sobretot, confian\u00e7a per a continuar connectades&#8230;<\/p>\n","protected":false},"author":1,"featured_media":2676,"comment_status":"open","ping_status":"open","sticky":false,"template":"","format":"standard","meta":{"footnotes":""},"categories":[22,156,109,27],"tags":[308],"class_list":{"0":"post-2678","1":"post","2":"type-post","3":"status-publish","4":"format-standard","5":"has-post-thumbnail","7":"category-activitas","8":"category-afammer-valencia-va","9":"category-formacio","10":"category-informacio-general","11":"tag-fundacion-santa-elena"},"yoast_head":"<!-- This site is optimized with the Yoast SEO plugin v27.5 - https:\/\/yoast.com\/product\/yoast-seo-wordpress\/ -->\n<title>Sessions del Curs d\u2019Habilitats Digitals B\u00e0siques a Xilxes<\/title>\n<meta name=\"description\" content=\"Sessions del Curs d\u2019Habilitats Digitals B\u00e0siques a Xilxes\" \/>\n<meta name=\"robots\" content=\"index, follow, max-snippet:-1, max-image-preview:large, max-video-preview:-1\" \/>\n<link rel=\"canonical\" href=\"https:\/\/afammervalencia.es\/va\/sessions-del-curs-dhabilitats-digitals-basiques-a-xilxes\/\" \/>\n<meta property=\"og:locale\" content=\"en_US\" \/>\n<meta property=\"og:type\" content=\"article\" \/>\n<meta property=\"og:title\" content=\"Sessions del Curs d\u2019Habilitats Digitals B\u00e0siques a Xilxes\" \/>\n<meta property=\"og:description\" content=\"Sessions del Curs d\u2019Habilitats Digitals B\u00e0siques a Xilxes\" \/>\n<meta property=\"og:url\" content=\"https:\/\/afammervalencia.es\/va\/sessions-del-curs-dhabilitats-digitals-basiques-a-xilxes\/\" \/>\n<meta property=\"og:site_name\" content=\"AFAMMER\" \/>\n<meta property=\"article:published_time\" content=\"2026-01-07T07:42:44+00:00\" \/>\n<meta property=\"article:modified_time\" content=\"2026-01-07T07:46:21+00:00\" \/>\n<meta property=\"og:image\" content=\"https:\/\/afammervalencia.es\/wp-content\/uploads\/2026\/01\/Habilidades-digitales-Xilxes.jpg\" \/>\n\t<meta property=\"og:image:width\" content=\"1536\" \/>\n\t<meta property=\"og:image:height\" content=\"1573\" \/>\n\t<meta property=\"og:image:type\" content=\"image\/jpeg\" \/>\n<meta name=\"author\" content=\"AFAMMER Valencia\" \/>\n<meta name=\"twitter:card\" content=\"summary_large_image\" \/>\n<meta name=\"twitter:label1\" content=\"Written by\" \/>\n\t<meta name=\"twitter:data1\" content=\"AFAMMER Valencia\" \/>\n\t<meta name=\"twitter:label2\" content=\"Est. reading time\" \/>\n\t<meta name=\"twitter:data2\" content=\"1 minute\" \/>\n<script type=\"application\/ld+json\" class=\"yoast-schema-graph\">{\"@context\":\"https:\\\/\\\/schema.org\",\"@graph\":[{\"@type\":\"Article\",\"@id\":\"https:\\\/\\\/afammervalencia.es\\\/va\\\/sessions-del-curs-dhabilitats-digitals-basiques-a-xilxes\\\/#article\",\"isPartOf\":{\"@id\":\"https:\\\/\\\/afammervalencia.es\\\/va\\\/sessions-del-curs-dhabilitats-digitals-basiques-a-xilxes\\\/\"},\"author\":{\"name\":\"AFAMMER Valencia\",\"@id\":\"https:\\\/\\\/afammervalencia.es\\\/#\\\/schema\\\/person\\\/bf79401828d0b947b26878780a717ddd\"},\"headline\":\"Sessions del Curs d\u2019Habilitats Digitals B\u00e0siques a Xilxes\",\"datePublished\":\"2026-01-07T07:42:44+00:00\",\"dateModified\":\"2026-01-07T07:46:21+00:00\",\"mainEntityOfPage\":{\"@id\":\"https:\\\/\\\/afammervalencia.es\\\/va\\\/sessions-del-curs-dhabilitats-digitals-basiques-a-xilxes\\\/\"},\"wordCount\":117,\"commentCount\":0,\"image\":{\"@id\":\"https:\\\/\\\/afammervalencia.es\\\/va\\\/sessions-del-curs-dhabilitats-digitals-basiques-a-xilxes\\\/#primaryimage\"},\"thumbnailUrl\":\"https:\\\/\\\/afammervalencia.es\\\/wp-content\\\/uploads\\\/2026\\\/01\\\/Habilidades-digitales-Xilxes.jpg\",\"keywords\":[\"Fundaci\u00f3n Santa Elena\"],\"articleSection\":[\"Activitats\",\"Afammer Valencia\",\"Formaci\u00f3\",\"Informaci\u00f3 general\"],\"inLanguage\":\"val\",\"potentialAction\":[{\"@type\":\"CommentAction\",\"name\":\"Comment\",\"target\":[\"https:\\\/\\\/afammervalencia.es\\\/va\\\/sessions-del-curs-dhabilitats-digitals-basiques-a-xilxes\\\/#respond\"]}]},{\"@type\":\"WebPage\",\"@id\":\"https:\\\/\\\/afammervalencia.es\\\/va\\\/sessions-del-curs-dhabilitats-digitals-basiques-a-xilxes\\\/\",\"url\":\"https:\\\/\\\/afammervalencia.es\\\/va\\\/sessions-del-curs-dhabilitats-digitals-basiques-a-xilxes\\\/\",\"name\":\"Sessions del Curs d\u2019Habilitats Digitals B\u00e0siques a Xilxes\",\"isPartOf\":{\"@id\":\"https:\\\/\\\/afammervalencia.es\\\/#website\"},\"primaryImageOfPage\":{\"@id\":\"https:\\\/\\\/afammervalencia.es\\\/va\\\/sessions-del-curs-dhabilitats-digitals-basiques-a-xilxes\\\/#primaryimage\"},\"image\":{\"@id\":\"https:\\\/\\\/afammervalencia.es\\\/va\\\/sessions-del-curs-dhabilitats-digitals-basiques-a-xilxes\\\/#primaryimage\"},\"thumbnailUrl\":\"https:\\\/\\\/afammervalencia.es\\\/wp-content\\\/uploads\\\/2026\\\/01\\\/Habilidades-digitales-Xilxes.jpg\",\"datePublished\":\"2026-01-07T07:42:44+00:00\",\"dateModified\":\"2026-01-07T07:46:21+00:00\",\"author\":{\"@id\":\"https:\\\/\\\/afammervalencia.es\\\/#\\\/schema\\\/person\\\/bf79401828d0b947b26878780a717ddd\"},\"description\":\"Sessions del Curs d\u2019Habilitats Digitals B\u00e0siques a Xilxes\",\"breadcrumb\":{\"@id\":\"https:\\\/\\\/afammervalencia.es\\\/va\\\/sessions-del-curs-dhabilitats-digitals-basiques-a-xilxes\\\/#breadcrumb\"},\"inLanguage\":\"val\",\"potentialAction\":[{\"@type\":\"ReadAction\",\"target\":[\"https:\\\/\\\/afammervalencia.es\\\/va\\\/sessions-del-curs-dhabilitats-digitals-basiques-a-xilxes\\\/\"]}]},{\"@type\":\"ImageObject\",\"inLanguage\":\"val\",\"@id\":\"https:\\\/\\\/afammervalencia.es\\\/va\\\/sessions-del-curs-dhabilitats-digitals-basiques-a-xilxes\\\/#primaryimage\",\"url\":\"https:\\\/\\\/afammervalencia.es\\\/wp-content\\\/uploads\\\/2026\\\/01\\\/Habilidades-digitales-Xilxes.jpg\",\"contentUrl\":\"https:\\\/\\\/afammervalencia.es\\\/wp-content\\\/uploads\\\/2026\\\/01\\\/Habilidades-digitales-Xilxes.jpg\",\"width\":1536,\"height\":1573},{\"@type\":\"BreadcrumbList\",\"@id\":\"https:\\\/\\\/afammervalencia.es\\\/va\\\/sessions-del-curs-dhabilitats-digitals-basiques-a-xilxes\\\/#breadcrumb\",\"itemListElement\":[{\"@type\":\"ListItem\",\"position\":1,\"name\":\"Portada\",\"item\":\"https:\\\/\\\/afammervalencia.es\\\/va\\\/\"},{\"@type\":\"ListItem\",\"position\":2,\"name\":\"Sessions del Curs d\u2019Habilitats Digitals B\u00e0siques a Xilxes\"}]},{\"@type\":\"WebSite\",\"@id\":\"https:\\\/\\\/afammervalencia.es\\\/#website\",\"url\":\"https:\\\/\\\/afammervalencia.es\\\/\",\"name\":\"AFAMMER\",\"description\":\"Valencia\",\"potentialAction\":[{\"@type\":\"SearchAction\",\"target\":{\"@type\":\"EntryPoint\",\"urlTemplate\":\"https:\\\/\\\/afammervalencia.es\\\/?s={search_term_string}\"},\"query-input\":{\"@type\":\"PropertyValueSpecification\",\"valueRequired\":true,\"valueName\":\"search_term_string\"}}],\"inLanguage\":\"val\"},{\"@type\":\"Person\",\"@id\":\"https:\\\/\\\/afammervalencia.es\\\/#\\\/schema\\\/person\\\/bf79401828d0b947b26878780a717ddd\",\"name\":\"AFAMMER Valencia\",\"image\":{\"@type\":\"ImageObject\",\"inLanguage\":\"val\",\"@id\":\"https:\\\/\\\/secure.gravatar.com\\\/avatar\\\/0ebdb257d8a3a80b0d981ea4df6b5e68e40e83c18e08fc9dbf6e713b65f61e46?s=96&d=mm&r=g\",\"url\":\"https:\\\/\\\/secure.gravatar.com\\\/avatar\\\/0ebdb257d8a3a80b0d981ea4df6b5e68e40e83c18e08fc9dbf6e713b65f61e46?s=96&d=mm&r=g\",\"contentUrl\":\"https:\\\/\\\/secure.gravatar.com\\\/avatar\\\/0ebdb257d8a3a80b0d981ea4df6b5e68e40e83c18e08fc9dbf6e713b65f61e46?s=96&d=mm&r=g\",\"caption\":\"AFAMMER Valencia\"},\"sameAs\":[\"http:\\\/\\\/afammervalencia.es\"],\"url\":\"https:\\\/\\\/afammervalencia.es\\\/va\\\/author\\\/administrador-autorizado\\\/\"}]}<\/script>\n<!-- \/ Yoast SEO plugin. -->","yoast_head_json":{"title":"Sessions del Curs d\u2019Habilitats Digitals B\u00e0siques a Xilxes","description":"Sessions del Curs d\u2019Habilitats Digitals B\u00e0siques a Xilxes","robots":{"index":"index","follow":"follow","max-snippet":"max-snippet:-1","max-image-preview":"max-image-preview:large","max-video-preview":"max-video-preview:-1"},"canonical":"https:\/\/afammervalencia.es\/va\/sessions-del-curs-dhabilitats-digitals-basiques-a-xilxes\/","og_locale":"en_US","og_type":"article","og_title":"Sessions del Curs d\u2019Habilitats Digitals B\u00e0siques a Xilxes","og_description":"Sessions del Curs d\u2019Habilitats Digitals B\u00e0siques a Xilxes","og_url":"https:\/\/afammervalencia.es\/va\/sessions-del-curs-dhabilitats-digitals-basiques-a-xilxes\/","og_site_name":"AFAMMER","article_published_time":"2026-01-07T07:42:44+00:00","article_modified_time":"2026-01-07T07:46:21+00:00","og_image":[{"width":1536,"height":1573,"url":"https:\/\/afammervalencia.es\/wp-content\/uploads\/2026\/01\/Habilidades-digitales-Xilxes.jpg","type":"image\/jpeg"}],"author":"AFAMMER Valencia","twitter_card":"summary_large_image","twitter_misc":{"Written by":"AFAMMER Valencia","Est. reading time":"1 minute"},"schema":{"@context":"https:\/\/schema.org","@graph":[{"@type":"Article","@id":"https:\/\/afammervalencia.es\/va\/sessions-del-curs-dhabilitats-digitals-basiques-a-xilxes\/#article","isPartOf":{"@id":"https:\/\/afammervalencia.es\/va\/sessions-del-curs-dhabilitats-digitals-basiques-a-xilxes\/"},"author":{"name":"AFAMMER Valencia","@id":"https:\/\/afammervalencia.es\/#\/schema\/person\/bf79401828d0b947b26878780a717ddd"},"headline":"Sessions del Curs d\u2019Habilitats Digitals B\u00e0siques a Xilxes","datePublished":"2026-01-07T07:42:44+00:00","dateModified":"2026-01-07T07:46:21+00:00","mainEntityOfPage":{"@id":"https:\/\/afammervalencia.es\/va\/sessions-del-curs-dhabilitats-digitals-basiques-a-xilxes\/"},"wordCount":117,"commentCount":0,"image":{"@id":"https:\/\/afammervalencia.es\/va\/sessions-del-curs-dhabilitats-digitals-basiques-a-xilxes\/#primaryimage"},"thumbnailUrl":"https:\/\/afammervalencia.es\/wp-content\/uploads\/2026\/01\/Habilidades-digitales-Xilxes.jpg","keywords":["Fundaci\u00f3n Santa Elena"],"articleSection":["Activitats","Afammer Valencia","Formaci\u00f3","Informaci\u00f3 general"],"inLanguage":"val","potentialAction":[{"@type":"CommentAction","name":"Comment","target":["https:\/\/afammervalencia.es\/va\/sessions-del-curs-dhabilitats-digitals-basiques-a-xilxes\/#respond"]}]},{"@type":"WebPage","@id":"https:\/\/afammervalencia.es\/va\/sessions-del-curs-dhabilitats-digitals-basiques-a-xilxes\/","url":"https:\/\/afammervalencia.es\/va\/sessions-del-curs-dhabilitats-digitals-basiques-a-xilxes\/","name":"Sessions del Curs d\u2019Habilitats Digitals B\u00e0siques a Xilxes","isPartOf":{"@id":"https:\/\/afammervalencia.es\/#website"},"primaryImageOfPage":{"@id":"https:\/\/afammervalencia.es\/va\/sessions-del-curs-dhabilitats-digitals-basiques-a-xilxes\/#primaryimage"},"image":{"@id":"https:\/\/afammervalencia.es\/va\/sessions-del-curs-dhabilitats-digitals-basiques-a-xilxes\/#primaryimage"},"thumbnailUrl":"https:\/\/afammervalencia.es\/wp-content\/uploads\/2026\/01\/Habilidades-digitales-Xilxes.jpg","datePublished":"2026-01-07T07:42:44+00:00","dateModified":"2026-01-07T07:46:21+00:00","author":{"@id":"https:\/\/afammervalencia.es\/#\/schema\/person\/bf79401828d0b947b26878780a717ddd"},"description":"Sessions del Curs d\u2019Habilitats Digitals B\u00e0siques a Xilxes","breadcrumb":{"@id":"https:\/\/afammervalencia.es\/va\/sessions-del-curs-dhabilitats-digitals-basiques-a-xilxes\/#breadcrumb"},"inLanguage":"val","potentialAction":[{"@type":"ReadAction","target":["https:\/\/afammervalencia.es\/va\/sessions-del-curs-dhabilitats-digitals-basiques-a-xilxes\/"]}]},{"@type":"ImageObject","inLanguage":"val","@id":"https:\/\/afammervalencia.es\/va\/sessions-del-curs-dhabilitats-digitals-basiques-a-xilxes\/#primaryimage","url":"https:\/\/afammervalencia.es\/wp-content\/uploads\/2026\/01\/Habilidades-digitales-Xilxes.jpg","contentUrl":"https:\/\/afammervalencia.es\/wp-content\/uploads\/2026\/01\/Habilidades-digitales-Xilxes.jpg","width":1536,"height":1573},{"@type":"BreadcrumbList","@id":"https:\/\/afammervalencia.es\/va\/sessions-del-curs-dhabilitats-digitals-basiques-a-xilxes\/#breadcrumb","itemListElement":[{"@type":"ListItem","position":1,"name":"Portada","item":"https:\/\/afammervalencia.es\/va\/"},{"@type":"ListItem","position":2,"name":"Sessions del Curs d\u2019Habilitats Digitals B\u00e0siques a Xilxes"}]},{"@type":"WebSite","@id":"https:\/\/afammervalencia.es\/#website","url":"https:\/\/afammervalencia.es\/","name":"AFAMMER","description":"Valencia","potentialAction":[{"@type":"SearchAction","target":{"@type":"EntryPoint","urlTemplate":"https:\/\/afammervalencia.es\/?s={search_term_string}"},"query-input":{"@type":"PropertyValueSpecification","valueRequired":true,"valueName":"search_term_string"}}],"inLanguage":"val"},{"@type":"Person","@id":"https:\/\/afammervalencia.es\/#\/schema\/person\/bf79401828d0b947b26878780a717ddd","name":"AFAMMER Valencia","image":{"@type":"ImageObject","inLanguage":"val","@id":"https:\/\/secure.gravatar.com\/avatar\/0ebdb257d8a3a80b0d981ea4df6b5e68e40e83c18e08fc9dbf6e713b65f61e46?s=96&d=mm&r=g","url":"https:\/\/secure.gravatar.com\/avatar\/0ebdb257d8a3a80b0d981ea4df6b5e68e40e83c18e08fc9dbf6e713b65f61e46?s=96&d=mm&r=g","contentUrl":"https:\/\/secure.gravatar.com\/avatar\/0ebdb257d8a3a80b0d981ea4df6b5e68e40e83c18e08fc9dbf6e713b65f61e46?s=96&d=mm&r=g","caption":"AFAMMER Valencia"},"sameAs":["http:\/\/afammervalencia.es"],"url":"https:\/\/afammervalencia.es\/va\/author\/administrador-autorizado\/"}]}},"_links":{"self":[{"href":"https:\/\/afammervalencia.es\/va\/wp-json\/wp\/v2\/posts\/2678","targetHints":{"allow":["GET"]}}],"collection":[{"href":"https:\/\/afammervalencia.es\/va\/wp-json\/wp\/v2\/posts"}],"about":[{"href":"https:\/\/afammervalencia.es\/va\/wp-json\/wp\/v2\/types\/post"}],"author":[{"embeddable":true,"href":"https:\/\/afammervalencia.es\/va\/wp-json\/wp\/v2\/users\/1"}],"replies":[{"embeddable":true,"href":"https:\/\/afammervalencia.es\/va\/wp-json\/wp\/v2\/comments?post=2678"}],"version-history":[{"count":2,"href":"https:\/\/afammervalencia.es\/va\/wp-json\/wp\/v2\/posts\/2678\/revisions"}],"predecessor-version":[{"id":2680,"href":"https:\/\/afammervalencia.es\/va\/wp-json\/wp\/v2\/posts\/2678\/revisions\/2680"}],"wp:featuredmedia":[{"embeddable":true,"href":"https:\/\/afammervalencia.es\/va\/wp-json\/wp\/v2\/media\/2676"}],"wp:attachment":[{"href":"https:\/\/afammervalencia.es\/va\/wp-json\/wp\/v2\/media?parent=2678"}],"wp:term":[{"taxonomy":"category","embeddable":true,"href":"https:\/\/afammervalencia.es\/va\/wp-json\/wp\/v2\/categories?post=2678"},{"taxonomy":"post_tag","embeddable":true,"href":"https:\/\/afammervalencia.es\/va\/wp-json\/wp\/v2\/tags?post=2678"}],"curies":[{"name":"wp","href":"https:\/\/api.w.org\/{rel}","templated":true}]}}