{"id":2694,"date":"2026-03-08T21:03:59","date_gmt":"2026-03-08T20:03:59","guid":{"rendered":"https:\/\/afammervalencia.es\/coloquio-mujer-ciencia-y-empresa-de-la-fundacion-premios-rei-jaume-i\/"},"modified":"2026-03-08T21:06:51","modified_gmt":"2026-03-08T20:06:51","slug":"fundacio-premis-rei-jaume-i","status":"publish","type":"post","link":"https:\/\/afammervalencia.es\/va\/fundacio-premis-rei-jaume-i\/","title":{"rendered":"Col\u00b7loqui Dona, Ci\u00e8ncia i Empresa de la Fundaci\u00f3 Premis Rei Jaume I"},"content":{"rendered":"<div>\n<p>En la setmana del<span class=\"apple-converted-space\">\u00a0<\/span><strong data-start=\"91\" data-end=\"104\">8 de mar\u00e7<\/strong>, continuem participant en espais que impulsen el talent i el lideratge de les dones.<\/p>\n<\/div>\n<div>\n<p data-start=\"191\" data-end=\"493\" data-is-last-node=\"\" data-is-only-node=\"\">La nostra presidenta<span class=\"apple-converted-space\">\u00a0<\/span><strong data-start=\"212\" data-end=\"227\">Amparo Mora<\/strong>, junt amb les delegades<span class=\"apple-converted-space\">\u00a0<\/span><strong data-start=\"252\" data-end=\"269\">Floren Mart\u00edn<\/strong><span class=\"apple-converted-space\">\u00a0<\/span>i<span class=\"apple-converted-space\">\u00a0<\/span><strong data-start=\"272\" data-end=\"290\">Teresa Domingo<\/strong>, han assistit al<span class=\"apple-converted-space\">\u00a0<\/span><strong data-start=\"308\" data-end=\"381\">X Col\u00b7loqui Dona, Ci\u00e8ncia i Empresa de la Fundaci\u00f3 Premis Rei Jaume I<\/strong>, una trobada per a reflexionar, compartir experi\u00e8ncies i continuar avan\u00e7ant cap a una societat m\u00e9s igualit\u00e0ria.<\/p>\n<\/div>\n<p>Afammer Valencia<\/p>\n","protected":false},"excerpt":{"rendered":"<p>En la setmana del\u00a08 de mar\u00e7, continuem participant en espais que impulsen el talent i el lideratge de les dones. La nostra presidenta\u00a0Amparo Mora, junt amb les delegades\u00a0Floren Mart\u00edn\u00a0i\u00a0Teresa Domingo,&#8230;<\/p>\n","protected":false},"author":1,"featured_media":2692,"comment_status":"open","ping_status":"open","sticky":false,"template":"","format":"standard","meta":{"footnotes":""},"categories":[22,156,23,27],"tags":[147],"class_list":{"0":"post-2694","1":"post","2":"type-post","3":"status-publish","4":"format-standard","5":"has-post-thumbnail","7":"category-activitas","8":"category-afammer-valencia-va","9":"category-collaboracions","10":"category-informacio-general","11":"tag-8m-va"},"yoast_head":"<!-- This site is optimized with the Yoast SEO plugin v27.5 - https:\/\/yoast.com\/product\/yoast-seo-wordpress\/ -->\n<title>Premis-Rei-Jaume-I<\/title>\n<meta name=\"description\" content=\"Col\u00b7loqui Dona, Ci\u00e8ncia i Empresa de la Fundaci\u00f3 Premis Rei Jaume I. AFAMMER Valencia\" \/>\n<meta name=\"robots\" content=\"index, follow, max-snippet:-1, max-image-preview:large, max-video-preview:-1\" \/>\n<link rel=\"canonical\" href=\"http:\/\/afammervalencia.es\/va\/fundacio-premis-rei-jaume-i\/\" \/>\n<meta property=\"og:locale\" content=\"en_US\" \/>\n<meta property=\"og:type\" content=\"article\" \/>\n<meta property=\"og:title\" content=\"Premis-Rei-Jaume-I\" \/>\n<meta property=\"og:description\" content=\"Col\u00b7loqui Dona, Ci\u00e8ncia i Empresa de la Fundaci\u00f3 Premis Rei Jaume I. AFAMMER Valencia\" \/>\n<meta property=\"og:url\" content=\"http:\/\/afammervalencia.es\/va\/fundacio-premis-rei-jaume-i\/\" \/>\n<meta property=\"og:site_name\" content=\"AFAMMER\" \/>\n<meta property=\"article:published_time\" content=\"2026-03-08T20:03:59+00:00\" \/>\n<meta property=\"article:modified_time\" content=\"2026-03-08T20:06:51+00:00\" \/>\n<meta property=\"og:image\" content=\"http:\/\/afammervalencia.es\/wp-content\/uploads\/2026\/03\/Fundacion-Premios-Rei-Jaume-I.jpg\" \/>\n\t<meta property=\"og:image:width\" content=\"1200\" \/>\n\t<meta property=\"og:image:height\" content=\"1500\" \/>\n\t<meta property=\"og:image:type\" content=\"image\/jpeg\" \/>\n<meta name=\"author\" content=\"AFAMMER Valencia\" \/>\n<meta name=\"twitter:card\" content=\"summary_large_image\" \/>\n<meta name=\"twitter:label1\" content=\"Written by\" \/>\n\t<meta name=\"twitter:data1\" content=\"AFAMMER Valencia\" \/>\n\t<meta name=\"twitter:label2\" content=\"Est. reading time\" \/>\n\t<meta name=\"twitter:data2\" content=\"1 minute\" \/>\n<script type=\"application\/ld+json\" class=\"yoast-schema-graph\">{\"@context\":\"https:\\\/\\\/schema.org\",\"@graph\":[{\"@type\":\"Article\",\"@id\":\"http:\\\/\\\/afammervalencia.es\\\/va\\\/fundacio-premis-rei-jaume-i\\\/#article\",\"isPartOf\":{\"@id\":\"http:\\\/\\\/afammervalencia.es\\\/va\\\/fundacio-premis-rei-jaume-i\\\/\"},\"author\":{\"name\":\"AFAMMER Valencia\",\"@id\":\"https:\\\/\\\/afammervalencia.es\\\/#\\\/schema\\\/person\\\/bf79401828d0b947b26878780a717ddd\"},\"headline\":\"Col\u00b7loqui Dona, Ci\u00e8ncia i Empresa de la Fundaci\u00f3 Premis Rei Jaume I\",\"datePublished\":\"2026-03-08T20:03:59+00:00\",\"dateModified\":\"2026-03-08T20:06:51+00:00\",\"mainEntityOfPage\":{\"@id\":\"http:\\\/\\\/afammervalencia.es\\\/va\\\/fundacio-premis-rei-jaume-i\\\/\"},\"wordCount\":89,\"commentCount\":0,\"image\":{\"@id\":\"http:\\\/\\\/afammervalencia.es\\\/va\\\/fundacio-premis-rei-jaume-i\\\/#primaryimage\"},\"thumbnailUrl\":\"https:\\\/\\\/afammervalencia.es\\\/wp-content\\\/uploads\\\/2026\\\/03\\\/Fundacion-Premios-Rei-Jaume-I.jpg\",\"keywords\":[\"8M\"],\"articleSection\":[\"Activitats\",\"Afammer Valencia\",\"Col\u00b7laboracions\",\"Informaci\u00f3 general\"],\"inLanguage\":\"val\",\"potentialAction\":[{\"@type\":\"CommentAction\",\"name\":\"Comment\",\"target\":[\"http:\\\/\\\/afammervalencia.es\\\/va\\\/fundacio-premis-rei-jaume-i\\\/#respond\"]}]},{\"@type\":\"WebPage\",\"@id\":\"http:\\\/\\\/afammervalencia.es\\\/va\\\/fundacio-premis-rei-jaume-i\\\/\",\"url\":\"http:\\\/\\\/afammervalencia.es\\\/va\\\/fundacio-premis-rei-jaume-i\\\/\",\"name\":\"Premis-Rei-Jaume-I\",\"isPartOf\":{\"@id\":\"https:\\\/\\\/afammervalencia.es\\\/#website\"},\"primaryImageOfPage\":{\"@id\":\"http:\\\/\\\/afammervalencia.es\\\/va\\\/fundacio-premis-rei-jaume-i\\\/#primaryimage\"},\"image\":{\"@id\":\"http:\\\/\\\/afammervalencia.es\\\/va\\\/fundacio-premis-rei-jaume-i\\\/#primaryimage\"},\"thumbnailUrl\":\"https:\\\/\\\/afammervalencia.es\\\/wp-content\\\/uploads\\\/2026\\\/03\\\/Fundacion-Premios-Rei-Jaume-I.jpg\",\"datePublished\":\"2026-03-08T20:03:59+00:00\",\"dateModified\":\"2026-03-08T20:06:51+00:00\",\"author\":{\"@id\":\"https:\\\/\\\/afammervalencia.es\\\/#\\\/schema\\\/person\\\/bf79401828d0b947b26878780a717ddd\"},\"description\":\"Col\u00b7loqui Dona, Ci\u00e8ncia i Empresa de la Fundaci\u00f3 Premis Rei Jaume I. AFAMMER Valencia\",\"breadcrumb\":{\"@id\":\"http:\\\/\\\/afammervalencia.es\\\/va\\\/fundacio-premis-rei-jaume-i\\\/#breadcrumb\"},\"inLanguage\":\"val\",\"potentialAction\":[{\"@type\":\"ReadAction\",\"target\":[\"http:\\\/\\\/afammervalencia.es\\\/va\\\/fundacio-premis-rei-jaume-i\\\/\"]}]},{\"@type\":\"ImageObject\",\"inLanguage\":\"val\",\"@id\":\"http:\\\/\\\/afammervalencia.es\\\/va\\\/fundacio-premis-rei-jaume-i\\\/#primaryimage\",\"url\":\"https:\\\/\\\/afammervalencia.es\\\/wp-content\\\/uploads\\\/2026\\\/03\\\/Fundacion-Premios-Rei-Jaume-I.jpg\",\"contentUrl\":\"https:\\\/\\\/afammervalencia.es\\\/wp-content\\\/uploads\\\/2026\\\/03\\\/Fundacion-Premios-Rei-Jaume-I.jpg\",\"width\":1200,\"height\":1500},{\"@type\":\"BreadcrumbList\",\"@id\":\"http:\\\/\\\/afammervalencia.es\\\/va\\\/fundacio-premis-rei-jaume-i\\\/#breadcrumb\",\"itemListElement\":[{\"@type\":\"ListItem\",\"position\":1,\"name\":\"Portada\",\"item\":\"https:\\\/\\\/afammervalencia.es\\\/va\\\/\"},{\"@type\":\"ListItem\",\"position\":2,\"name\":\"Col\u00b7loqui Dona, Ci\u00e8ncia i Empresa de la Fundaci\u00f3 Premis Rei Jaume I\"}]},{\"@type\":\"WebSite\",\"@id\":\"https:\\\/\\\/afammervalencia.es\\\/#website\",\"url\":\"https:\\\/\\\/afammervalencia.es\\\/\",\"name\":\"AFAMMER\",\"description\":\"Valencia\",\"potentialAction\":[{\"@type\":\"SearchAction\",\"target\":{\"@type\":\"EntryPoint\",\"urlTemplate\":\"https:\\\/\\\/afammervalencia.es\\\/?s={search_term_string}\"},\"query-input\":{\"@type\":\"PropertyValueSpecification\",\"valueRequired\":true,\"valueName\":\"search_term_string\"}}],\"inLanguage\":\"val\"},{\"@type\":\"Person\",\"@id\":\"https:\\\/\\\/afammervalencia.es\\\/#\\\/schema\\\/person\\\/bf79401828d0b947b26878780a717ddd\",\"name\":\"AFAMMER Valencia\",\"image\":{\"@type\":\"ImageObject\",\"inLanguage\":\"val\",\"@id\":\"https:\\\/\\\/secure.gravatar.com\\\/avatar\\\/0ebdb257d8a3a80b0d981ea4df6b5e68e40e83c18e08fc9dbf6e713b65f61e46?s=96&d=mm&r=g\",\"url\":\"https:\\\/\\\/secure.gravatar.com\\\/avatar\\\/0ebdb257d8a3a80b0d981ea4df6b5e68e40e83c18e08fc9dbf6e713b65f61e46?s=96&d=mm&r=g\",\"contentUrl\":\"https:\\\/\\\/secure.gravatar.com\\\/avatar\\\/0ebdb257d8a3a80b0d981ea4df6b5e68e40e83c18e08fc9dbf6e713b65f61e46?s=96&d=mm&r=g\",\"caption\":\"AFAMMER Valencia\"},\"sameAs\":[\"http:\\\/\\\/afammervalencia.es\"],\"url\":\"https:\\\/\\\/afammervalencia.es\\\/va\\\/author\\\/administrador-autorizado\\\/\"}]}<\/script>\n<!-- \/ Yoast SEO plugin. -->","yoast_head_json":{"title":"Premis-Rei-Jaume-I","description":"Col\u00b7loqui Dona, Ci\u00e8ncia i Empresa de la Fundaci\u00f3 Premis Rei Jaume I. AFAMMER Valencia","robots":{"index":"index","follow":"follow","max-snippet":"max-snippet:-1","max-image-preview":"max-image-preview:large","max-video-preview":"max-video-preview:-1"},"canonical":"http:\/\/afammervalencia.es\/va\/fundacio-premis-rei-jaume-i\/","og_locale":"en_US","og_type":"article","og_title":"Premis-Rei-Jaume-I","og_description":"Col\u00b7loqui Dona, Ci\u00e8ncia i Empresa de la Fundaci\u00f3 Premis Rei Jaume I. AFAMMER Valencia","og_url":"http:\/\/afammervalencia.es\/va\/fundacio-premis-rei-jaume-i\/","og_site_name":"AFAMMER","article_published_time":"2026-03-08T20:03:59+00:00","article_modified_time":"2026-03-08T20:06:51+00:00","og_image":[{"width":1200,"height":1500,"url":"http:\/\/afammervalencia.es\/wp-content\/uploads\/2026\/03\/Fundacion-Premios-Rei-Jaume-I.jpg","type":"image\/jpeg"}],"author":"AFAMMER Valencia","twitter_card":"summary_large_image","twitter_misc":{"Written by":"AFAMMER Valencia","Est. reading time":"1 minute"},"schema":{"@context":"https:\/\/schema.org","@graph":[{"@type":"Article","@id":"http:\/\/afammervalencia.es\/va\/fundacio-premis-rei-jaume-i\/#article","isPartOf":{"@id":"http:\/\/afammervalencia.es\/va\/fundacio-premis-rei-jaume-i\/"},"author":{"name":"AFAMMER Valencia","@id":"https:\/\/afammervalencia.es\/#\/schema\/person\/bf79401828d0b947b26878780a717ddd"},"headline":"Col\u00b7loqui Dona, Ci\u00e8ncia i Empresa de la Fundaci\u00f3 Premis Rei Jaume I","datePublished":"2026-03-08T20:03:59+00:00","dateModified":"2026-03-08T20:06:51+00:00","mainEntityOfPage":{"@id":"http:\/\/afammervalencia.es\/va\/fundacio-premis-rei-jaume-i\/"},"wordCount":89,"commentCount":0,"image":{"@id":"http:\/\/afammervalencia.es\/va\/fundacio-premis-rei-jaume-i\/#primaryimage"},"thumbnailUrl":"https:\/\/afammervalencia.es\/wp-content\/uploads\/2026\/03\/Fundacion-Premios-Rei-Jaume-I.jpg","keywords":["8M"],"articleSection":["Activitats","Afammer Valencia","Col\u00b7laboracions","Informaci\u00f3 general"],"inLanguage":"val","potentialAction":[{"@type":"CommentAction","name":"Comment","target":["http:\/\/afammervalencia.es\/va\/fundacio-premis-rei-jaume-i\/#respond"]}]},{"@type":"WebPage","@id":"http:\/\/afammervalencia.es\/va\/fundacio-premis-rei-jaume-i\/","url":"http:\/\/afammervalencia.es\/va\/fundacio-premis-rei-jaume-i\/","name":"Premis-Rei-Jaume-I","isPartOf":{"@id":"https:\/\/afammervalencia.es\/#website"},"primaryImageOfPage":{"@id":"http:\/\/afammervalencia.es\/va\/fundacio-premis-rei-jaume-i\/#primaryimage"},"image":{"@id":"http:\/\/afammervalencia.es\/va\/fundacio-premis-rei-jaume-i\/#primaryimage"},"thumbnailUrl":"https:\/\/afammervalencia.es\/wp-content\/uploads\/2026\/03\/Fundacion-Premios-Rei-Jaume-I.jpg","datePublished":"2026-03-08T20:03:59+00:00","dateModified":"2026-03-08T20:06:51+00:00","author":{"@id":"https:\/\/afammervalencia.es\/#\/schema\/person\/bf79401828d0b947b26878780a717ddd"},"description":"Col\u00b7loqui Dona, Ci\u00e8ncia i Empresa de la Fundaci\u00f3 Premis Rei Jaume I. AFAMMER Valencia","breadcrumb":{"@id":"http:\/\/afammervalencia.es\/va\/fundacio-premis-rei-jaume-i\/#breadcrumb"},"inLanguage":"val","potentialAction":[{"@type":"ReadAction","target":["http:\/\/afammervalencia.es\/va\/fundacio-premis-rei-jaume-i\/"]}]},{"@type":"ImageObject","inLanguage":"val","@id":"http:\/\/afammervalencia.es\/va\/fundacio-premis-rei-jaume-i\/#primaryimage","url":"https:\/\/afammervalencia.es\/wp-content\/uploads\/2026\/03\/Fundacion-Premios-Rei-Jaume-I.jpg","contentUrl":"https:\/\/afammervalencia.es\/wp-content\/uploads\/2026\/03\/Fundacion-Premios-Rei-Jaume-I.jpg","width":1200,"height":1500},{"@type":"BreadcrumbList","@id":"http:\/\/afammervalencia.es\/va\/fundacio-premis-rei-jaume-i\/#breadcrumb","itemListElement":[{"@type":"ListItem","position":1,"name":"Portada","item":"https:\/\/afammervalencia.es\/va\/"},{"@type":"ListItem","position":2,"name":"Col\u00b7loqui Dona, Ci\u00e8ncia i Empresa de la Fundaci\u00f3 Premis Rei Jaume I"}]},{"@type":"WebSite","@id":"https:\/\/afammervalencia.es\/#website","url":"https:\/\/afammervalencia.es\/","name":"AFAMMER","description":"Valencia","potentialAction":[{"@type":"SearchAction","target":{"@type":"EntryPoint","urlTemplate":"https:\/\/afammervalencia.es\/?s={search_term_string}"},"query-input":{"@type":"PropertyValueSpecification","valueRequired":true,"valueName":"search_term_string"}}],"inLanguage":"val"},{"@type":"Person","@id":"https:\/\/afammervalencia.es\/#\/schema\/person\/bf79401828d0b947b26878780a717ddd","name":"AFAMMER Valencia","image":{"@type":"ImageObject","inLanguage":"val","@id":"https:\/\/secure.gravatar.com\/avatar\/0ebdb257d8a3a80b0d981ea4df6b5e68e40e83c18e08fc9dbf6e713b65f61e46?s=96&d=mm&r=g","url":"https:\/\/secure.gravatar.com\/avatar\/0ebdb257d8a3a80b0d981ea4df6b5e68e40e83c18e08fc9dbf6e713b65f61e46?s=96&d=mm&r=g","contentUrl":"https:\/\/secure.gravatar.com\/avatar\/0ebdb257d8a3a80b0d981ea4df6b5e68e40e83c18e08fc9dbf6e713b65f61e46?s=96&d=mm&r=g","caption":"AFAMMER Valencia"},"sameAs":["http:\/\/afammervalencia.es"],"url":"https:\/\/afammervalencia.es\/va\/author\/administrador-autorizado\/"}]}},"_links":{"self":[{"href":"https:\/\/afammervalencia.es\/va\/wp-json\/wp\/v2\/posts\/2694","targetHints":{"allow":["GET"]}}],"collection":[{"href":"https:\/\/afammervalencia.es\/va\/wp-json\/wp\/v2\/posts"}],"about":[{"href":"https:\/\/afammervalencia.es\/va\/wp-json\/wp\/v2\/types\/post"}],"author":[{"embeddable":true,"href":"https:\/\/afammervalencia.es\/va\/wp-json\/wp\/v2\/users\/1"}],"replies":[{"embeddable":true,"href":"https:\/\/afammervalencia.es\/va\/wp-json\/wp\/v2\/comments?post=2694"}],"version-history":[{"count":2,"href":"https:\/\/afammervalencia.es\/va\/wp-json\/wp\/v2\/posts\/2694\/revisions"}],"predecessor-version":[{"id":2696,"href":"https:\/\/afammervalencia.es\/va\/wp-json\/wp\/v2\/posts\/2694\/revisions\/2696"}],"wp:featuredmedia":[{"embeddable":true,"href":"https:\/\/afammervalencia.es\/va\/wp-json\/wp\/v2\/media\/2692"}],"wp:attachment":[{"href":"https:\/\/afammervalencia.es\/va\/wp-json\/wp\/v2\/media?parent=2694"}],"wp:term":[{"taxonomy":"category","embeddable":true,"href":"https:\/\/afammervalencia.es\/va\/wp-json\/wp\/v2\/categories?post=2694"},{"taxonomy":"post_tag","embeddable":true,"href":"https:\/\/afammervalencia.es\/va\/wp-json\/wp\/v2\/tags?post=2694"}],"curies":[{"name":"wp","href":"https:\/\/api.w.org\/{rel}","templated":true}]}}