{"id":2783,"date":"2026-04-30T14:17:05","date_gmt":"2026-04-30T12:17:05","guid":{"rendered":"https:\/\/afammervalencia.es\/afammer-valencia-participa-en-el-primer-pleno-del-consejo-valenciano-de-igualdad-entre-mujeres-y-hombres\/"},"modified":"2026-04-30T14:27:11","modified_gmt":"2026-04-30T12:27:11","slug":"afammer-valencia-participa-en-el-primer-ple-del-consell","status":"publish","type":"post","link":"https:\/\/afammervalencia.es\/va\/afammer-valencia-participa-en-el-primer-ple-del-consell\/","title":{"rendered":"AFAMMER Val\u00e8ncia participa en el primer ple del Consell Valenci\u00e0 d\u2019Igualtat entre Dones i Homes"},"content":{"rendered":"<div>\n<p>Consell Valenci\u00e0 d\u2019Igualtat entre Dones i Homes. AFAMMER Val\u00e8ncia ha estat present en un moment clau per a continuar avan\u00e7ant en igualtat a la Comunitat Valenciana.<\/p>\n<\/div>\n<p style=\"font-weight: 400;\">La nostra presidenta d\u2019AFAMMER Val\u00e8ncia, Amparo Mora Castell\u00e0, ha participat en el primer ple del Consell Valenci\u00e0 d\u2019Igualtat entre Dones i Homes,<a href=\"https:\/\/habitatge.gva.es\/es\/web\/igualtat-i-institut-de-les-dones\/consell-valencia-igualtat-entre-dones-homens\"> convocat per la Direcci\u00f3 General d\u2019Igualtat i l\u2019Institut de les Dones, de la GVA Serveis Socials, Igualtat i Habitatge.<\/a><\/p>\n<p style=\"font-weight: 400;\" data-start=\"487\" data-end=\"657\" data-is-last-node=\"\" data-is-only-node=\"\">Un espai de di\u00e0leg i construcci\u00f3 on les associacions de dones rurals tenim veu per a <a href=\"https:\/\/afammervalencia.es\/va\/projecte-com-partim-2025\/\">continuar impulsant pol\u00edtiques que generen oportunitats reals als nostres territoris.<\/a><\/p>\n<p style=\"font-weight: 400;\">\n<p style=\"font-weight: 400;\">\n","protected":false},"excerpt":{"rendered":"<p>Consell Valenci\u00e0 d\u2019Igualtat entre Dones i Homes. AFAMMER Val\u00e8ncia ha estat present en un moment clau per a continuar avan\u00e7ant en igualtat a la Comunitat Valenciana. La nostra presidenta d\u2019AFAMMER&#8230;<\/p>\n","protected":false},"author":1,"featured_media":2781,"comment_status":"open","ping_status":"open","sticky":false,"template":"","format":"standard","meta":{"footnotes":""},"categories":[22,156,269,27],"tags":[333],"class_list":{"0":"post-2783","1":"post","2":"type-post","3":"status-publish","4":"format-standard","5":"has-post-thumbnail","7":"category-activitas","8":"category-afammer-valencia-va","9":"category-generalitat-valenciana-va","10":"category-informacio-general","11":"tag-generalitat-valenciana"},"yoast_head":"<!-- This site is optimized with the Yoast SEO plugin v27.5 - https:\/\/yoast.com\/product\/yoast-seo-wordpress\/ -->\n<title>Consell Valenci\u00e0 d\u2019Igualtat entre Dones i Homes<\/title>\n<meta name=\"description\" content=\"Consell Valenci\u00e0 d\u2019Igualtat entre Dones i Home\" \/>\n<meta name=\"robots\" content=\"index, follow, max-snippet:-1, max-image-preview:large, max-video-preview:-1\" \/>\n<link rel=\"canonical\" href=\"https:\/\/afammervalencia.es\/va\/afammer-valencia-participa-en-el-primer-ple-del-consell\/\" \/>\n<meta property=\"og:locale\" content=\"en_US\" \/>\n<meta property=\"og:type\" content=\"article\" \/>\n<meta property=\"og:title\" content=\"Consell Valenci\u00e0 d\u2019Igualtat entre Dones i Homes\" \/>\n<meta property=\"og:description\" content=\"Consell Valenci\u00e0 d\u2019Igualtat entre Dones i Home\" \/>\n<meta property=\"og:url\" content=\"https:\/\/afammervalencia.es\/va\/afammer-valencia-participa-en-el-primer-ple-del-consell\/\" \/>\n<meta property=\"og:site_name\" content=\"AFAMMER\" \/>\n<meta property=\"article:published_time\" content=\"2026-04-30T12:17:05+00:00\" \/>\n<meta property=\"article:modified_time\" content=\"2026-04-30T12:27:11+00:00\" \/>\n<meta property=\"og:image\" content=\"http:\/\/afammervalencia.es\/wp-content\/uploads\/2026\/04\/Consejo-Valenciano-de-Igualdad-entre-Mujeres-y-Hombres.jpg\" \/>\n\t<meta property=\"og:image:width\" content=\"1281\" \/>\n\t<meta property=\"og:image:height\" content=\"960\" \/>\n\t<meta property=\"og:image:type\" content=\"image\/jpeg\" \/>\n<meta name=\"author\" content=\"AFAMMER Valencia\" \/>\n<meta name=\"twitter:card\" content=\"summary_large_image\" \/>\n<meta name=\"twitter:label1\" content=\"Written by\" \/>\n\t<meta name=\"twitter:data1\" content=\"AFAMMER Valencia\" \/>\n\t<meta name=\"twitter:label2\" content=\"Est. reading time\" \/>\n\t<meta name=\"twitter:data2\" content=\"1 minute\" \/>\n<script type=\"application\/ld+json\" class=\"yoast-schema-graph\">{\"@context\":\"https:\\\/\\\/schema.org\",\"@graph\":[{\"@type\":\"Article\",\"@id\":\"https:\\\/\\\/afammervalencia.es\\\/va\\\/afammer-valencia-participa-en-el-primer-ple-del-consell\\\/#article\",\"isPartOf\":{\"@id\":\"https:\\\/\\\/afammervalencia.es\\\/va\\\/afammer-valencia-participa-en-el-primer-ple-del-consell\\\/\"},\"author\":{\"name\":\"AFAMMER Valencia\",\"@id\":\"https:\\\/\\\/afammervalencia.es\\\/#\\\/schema\\\/person\\\/bf79401828d0b947b26878780a717ddd\"},\"headline\":\"AFAMMER Val\u00e8ncia participa en el primer ple del Consell Valenci\u00e0 d\u2019Igualtat entre Dones i Homes\",\"datePublished\":\"2026-04-30T12:17:05+00:00\",\"dateModified\":\"2026-04-30T12:27:11+00:00\",\"mainEntityOfPage\":{\"@id\":\"https:\\\/\\\/afammervalencia.es\\\/va\\\/afammer-valencia-participa-en-el-primer-ple-del-consell\\\/\"},\"wordCount\":120,\"commentCount\":0,\"image\":{\"@id\":\"https:\\\/\\\/afammervalencia.es\\\/va\\\/afammer-valencia-participa-en-el-primer-ple-del-consell\\\/#primaryimage\"},\"thumbnailUrl\":\"https:\\\/\\\/afammervalencia.es\\\/wp-content\\\/uploads\\\/2026\\\/04\\\/Consejo-Valenciano-de-Igualdad-entre-Mujeres-y-Hombres.jpg\",\"keywords\":[\"Generalitat Valenciana\"],\"articleSection\":[\"Activitats\",\"Afammer Valencia\",\"Generalitat Valenciana\",\"Informaci\u00f3 general\"],\"inLanguage\":\"val\",\"potentialAction\":[{\"@type\":\"CommentAction\",\"name\":\"Comment\",\"target\":[\"https:\\\/\\\/afammervalencia.es\\\/va\\\/afammer-valencia-participa-en-el-primer-ple-del-consell\\\/#respond\"]}]},{\"@type\":\"WebPage\",\"@id\":\"https:\\\/\\\/afammervalencia.es\\\/va\\\/afammer-valencia-participa-en-el-primer-ple-del-consell\\\/\",\"url\":\"https:\\\/\\\/afammervalencia.es\\\/va\\\/afammer-valencia-participa-en-el-primer-ple-del-consell\\\/\",\"name\":\"Consell Valenci\u00e0 d\u2019Igualtat entre Dones i Homes\",\"isPartOf\":{\"@id\":\"https:\\\/\\\/afammervalencia.es\\\/#website\"},\"primaryImageOfPage\":{\"@id\":\"https:\\\/\\\/afammervalencia.es\\\/va\\\/afammer-valencia-participa-en-el-primer-ple-del-consell\\\/#primaryimage\"},\"image\":{\"@id\":\"https:\\\/\\\/afammervalencia.es\\\/va\\\/afammer-valencia-participa-en-el-primer-ple-del-consell\\\/#primaryimage\"},\"thumbnailUrl\":\"https:\\\/\\\/afammervalencia.es\\\/wp-content\\\/uploads\\\/2026\\\/04\\\/Consejo-Valenciano-de-Igualdad-entre-Mujeres-y-Hombres.jpg\",\"datePublished\":\"2026-04-30T12:17:05+00:00\",\"dateModified\":\"2026-04-30T12:27:11+00:00\",\"author\":{\"@id\":\"https:\\\/\\\/afammervalencia.es\\\/#\\\/schema\\\/person\\\/bf79401828d0b947b26878780a717ddd\"},\"description\":\"Consell Valenci\u00e0 d\u2019Igualtat entre Dones i Home\",\"breadcrumb\":{\"@id\":\"https:\\\/\\\/afammervalencia.es\\\/va\\\/afammer-valencia-participa-en-el-primer-ple-del-consell\\\/#breadcrumb\"},\"inLanguage\":\"val\",\"potentialAction\":[{\"@type\":\"ReadAction\",\"target\":[\"https:\\\/\\\/afammervalencia.es\\\/va\\\/afammer-valencia-participa-en-el-primer-ple-del-consell\\\/\"]}]},{\"@type\":\"ImageObject\",\"inLanguage\":\"val\",\"@id\":\"https:\\\/\\\/afammervalencia.es\\\/va\\\/afammer-valencia-participa-en-el-primer-ple-del-consell\\\/#primaryimage\",\"url\":\"https:\\\/\\\/afammervalencia.es\\\/wp-content\\\/uploads\\\/2026\\\/04\\\/Consejo-Valenciano-de-Igualdad-entre-Mujeres-y-Hombres.jpg\",\"contentUrl\":\"https:\\\/\\\/afammervalencia.es\\\/wp-content\\\/uploads\\\/2026\\\/04\\\/Consejo-Valenciano-de-Igualdad-entre-Mujeres-y-Hombres.jpg\",\"width\":1281,\"height\":960},{\"@type\":\"BreadcrumbList\",\"@id\":\"https:\\\/\\\/afammervalencia.es\\\/va\\\/afammer-valencia-participa-en-el-primer-ple-del-consell\\\/#breadcrumb\",\"itemListElement\":[{\"@type\":\"ListItem\",\"position\":1,\"name\":\"Portada\",\"item\":\"https:\\\/\\\/afammervalencia.es\\\/va\\\/\"},{\"@type\":\"ListItem\",\"position\":2,\"name\":\"AFAMMER Val\u00e8ncia participa en el primer ple del Consell Valenci\u00e0 d\u2019Igualtat entre Dones i Homes\"}]},{\"@type\":\"WebSite\",\"@id\":\"https:\\\/\\\/afammervalencia.es\\\/#website\",\"url\":\"https:\\\/\\\/afammervalencia.es\\\/\",\"name\":\"AFAMMER\",\"description\":\"Valencia\",\"potentialAction\":[{\"@type\":\"SearchAction\",\"target\":{\"@type\":\"EntryPoint\",\"urlTemplate\":\"https:\\\/\\\/afammervalencia.es\\\/?s={search_term_string}\"},\"query-input\":{\"@type\":\"PropertyValueSpecification\",\"valueRequired\":true,\"valueName\":\"search_term_string\"}}],\"inLanguage\":\"val\"},{\"@type\":\"Person\",\"@id\":\"https:\\\/\\\/afammervalencia.es\\\/#\\\/schema\\\/person\\\/bf79401828d0b947b26878780a717ddd\",\"name\":\"AFAMMER Valencia\",\"image\":{\"@type\":\"ImageObject\",\"inLanguage\":\"val\",\"@id\":\"https:\\\/\\\/secure.gravatar.com\\\/avatar\\\/0ebdb257d8a3a80b0d981ea4df6b5e68e40e83c18e08fc9dbf6e713b65f61e46?s=96&d=mm&r=g\",\"url\":\"https:\\\/\\\/secure.gravatar.com\\\/avatar\\\/0ebdb257d8a3a80b0d981ea4df6b5e68e40e83c18e08fc9dbf6e713b65f61e46?s=96&d=mm&r=g\",\"contentUrl\":\"https:\\\/\\\/secure.gravatar.com\\\/avatar\\\/0ebdb257d8a3a80b0d981ea4df6b5e68e40e83c18e08fc9dbf6e713b65f61e46?s=96&d=mm&r=g\",\"caption\":\"AFAMMER Valencia\"},\"sameAs\":[\"http:\\\/\\\/afammervalencia.es\"],\"url\":\"https:\\\/\\\/afammervalencia.es\\\/va\\\/author\\\/administrador-autorizado\\\/\"}]}<\/script>\n<!-- \/ Yoast SEO plugin. -->","yoast_head_json":{"title":"Consell Valenci\u00e0 d\u2019Igualtat entre Dones i Homes","description":"Consell Valenci\u00e0 d\u2019Igualtat entre Dones i Home","robots":{"index":"index","follow":"follow","max-snippet":"max-snippet:-1","max-image-preview":"max-image-preview:large","max-video-preview":"max-video-preview:-1"},"canonical":"https:\/\/afammervalencia.es\/va\/afammer-valencia-participa-en-el-primer-ple-del-consell\/","og_locale":"en_US","og_type":"article","og_title":"Consell Valenci\u00e0 d\u2019Igualtat entre Dones i Homes","og_description":"Consell Valenci\u00e0 d\u2019Igualtat entre Dones i Home","og_url":"https:\/\/afammervalencia.es\/va\/afammer-valencia-participa-en-el-primer-ple-del-consell\/","og_site_name":"AFAMMER","article_published_time":"2026-04-30T12:17:05+00:00","article_modified_time":"2026-04-30T12:27:11+00:00","og_image":[{"width":1281,"height":960,"url":"http:\/\/afammervalencia.es\/wp-content\/uploads\/2026\/04\/Consejo-Valenciano-de-Igualdad-entre-Mujeres-y-Hombres.jpg","type":"image\/jpeg"}],"author":"AFAMMER Valencia","twitter_card":"summary_large_image","twitter_misc":{"Written by":"AFAMMER Valencia","Est. reading time":"1 minute"},"schema":{"@context":"https:\/\/schema.org","@graph":[{"@type":"Article","@id":"https:\/\/afammervalencia.es\/va\/afammer-valencia-participa-en-el-primer-ple-del-consell\/#article","isPartOf":{"@id":"https:\/\/afammervalencia.es\/va\/afammer-valencia-participa-en-el-primer-ple-del-consell\/"},"author":{"name":"AFAMMER Valencia","@id":"https:\/\/afammervalencia.es\/#\/schema\/person\/bf79401828d0b947b26878780a717ddd"},"headline":"AFAMMER Val\u00e8ncia participa en el primer ple del Consell Valenci\u00e0 d\u2019Igualtat entre Dones i Homes","datePublished":"2026-04-30T12:17:05+00:00","dateModified":"2026-04-30T12:27:11+00:00","mainEntityOfPage":{"@id":"https:\/\/afammervalencia.es\/va\/afammer-valencia-participa-en-el-primer-ple-del-consell\/"},"wordCount":120,"commentCount":0,"image":{"@id":"https:\/\/afammervalencia.es\/va\/afammer-valencia-participa-en-el-primer-ple-del-consell\/#primaryimage"},"thumbnailUrl":"https:\/\/afammervalencia.es\/wp-content\/uploads\/2026\/04\/Consejo-Valenciano-de-Igualdad-entre-Mujeres-y-Hombres.jpg","keywords":["Generalitat Valenciana"],"articleSection":["Activitats","Afammer Valencia","Generalitat Valenciana","Informaci\u00f3 general"],"inLanguage":"val","potentialAction":[{"@type":"CommentAction","name":"Comment","target":["https:\/\/afammervalencia.es\/va\/afammer-valencia-participa-en-el-primer-ple-del-consell\/#respond"]}]},{"@type":"WebPage","@id":"https:\/\/afammervalencia.es\/va\/afammer-valencia-participa-en-el-primer-ple-del-consell\/","url":"https:\/\/afammervalencia.es\/va\/afammer-valencia-participa-en-el-primer-ple-del-consell\/","name":"Consell Valenci\u00e0 d\u2019Igualtat entre Dones i Homes","isPartOf":{"@id":"https:\/\/afammervalencia.es\/#website"},"primaryImageOfPage":{"@id":"https:\/\/afammervalencia.es\/va\/afammer-valencia-participa-en-el-primer-ple-del-consell\/#primaryimage"},"image":{"@id":"https:\/\/afammervalencia.es\/va\/afammer-valencia-participa-en-el-primer-ple-del-consell\/#primaryimage"},"thumbnailUrl":"https:\/\/afammervalencia.es\/wp-content\/uploads\/2026\/04\/Consejo-Valenciano-de-Igualdad-entre-Mujeres-y-Hombres.jpg","datePublished":"2026-04-30T12:17:05+00:00","dateModified":"2026-04-30T12:27:11+00:00","author":{"@id":"https:\/\/afammervalencia.es\/#\/schema\/person\/bf79401828d0b947b26878780a717ddd"},"description":"Consell Valenci\u00e0 d\u2019Igualtat entre Dones i Home","breadcrumb":{"@id":"https:\/\/afammervalencia.es\/va\/afammer-valencia-participa-en-el-primer-ple-del-consell\/#breadcrumb"},"inLanguage":"val","potentialAction":[{"@type":"ReadAction","target":["https:\/\/afammervalencia.es\/va\/afammer-valencia-participa-en-el-primer-ple-del-consell\/"]}]},{"@type":"ImageObject","inLanguage":"val","@id":"https:\/\/afammervalencia.es\/va\/afammer-valencia-participa-en-el-primer-ple-del-consell\/#primaryimage","url":"https:\/\/afammervalencia.es\/wp-content\/uploads\/2026\/04\/Consejo-Valenciano-de-Igualdad-entre-Mujeres-y-Hombres.jpg","contentUrl":"https:\/\/afammervalencia.es\/wp-content\/uploads\/2026\/04\/Consejo-Valenciano-de-Igualdad-entre-Mujeres-y-Hombres.jpg","width":1281,"height":960},{"@type":"BreadcrumbList","@id":"https:\/\/afammervalencia.es\/va\/afammer-valencia-participa-en-el-primer-ple-del-consell\/#breadcrumb","itemListElement":[{"@type":"ListItem","position":1,"name":"Portada","item":"https:\/\/afammervalencia.es\/va\/"},{"@type":"ListItem","position":2,"name":"AFAMMER Val\u00e8ncia participa en el primer ple del Consell Valenci\u00e0 d\u2019Igualtat entre Dones i Homes"}]},{"@type":"WebSite","@id":"https:\/\/afammervalencia.es\/#website","url":"https:\/\/afammervalencia.es\/","name":"AFAMMER","description":"Valencia","potentialAction":[{"@type":"SearchAction","target":{"@type":"EntryPoint","urlTemplate":"https:\/\/afammervalencia.es\/?s={search_term_string}"},"query-input":{"@type":"PropertyValueSpecification","valueRequired":true,"valueName":"search_term_string"}}],"inLanguage":"val"},{"@type":"Person","@id":"https:\/\/afammervalencia.es\/#\/schema\/person\/bf79401828d0b947b26878780a717ddd","name":"AFAMMER Valencia","image":{"@type":"ImageObject","inLanguage":"val","@id":"https:\/\/secure.gravatar.com\/avatar\/0ebdb257d8a3a80b0d981ea4df6b5e68e40e83c18e08fc9dbf6e713b65f61e46?s=96&d=mm&r=g","url":"https:\/\/secure.gravatar.com\/avatar\/0ebdb257d8a3a80b0d981ea4df6b5e68e40e83c18e08fc9dbf6e713b65f61e46?s=96&d=mm&r=g","contentUrl":"https:\/\/secure.gravatar.com\/avatar\/0ebdb257d8a3a80b0d981ea4df6b5e68e40e83c18e08fc9dbf6e713b65f61e46?s=96&d=mm&r=g","caption":"AFAMMER Valencia"},"sameAs":["http:\/\/afammervalencia.es"],"url":"https:\/\/afammervalencia.es\/va\/author\/administrador-autorizado\/"}]}},"_links":{"self":[{"href":"https:\/\/afammervalencia.es\/va\/wp-json\/wp\/v2\/posts\/2783","targetHints":{"allow":["GET"]}}],"collection":[{"href":"https:\/\/afammervalencia.es\/va\/wp-json\/wp\/v2\/posts"}],"about":[{"href":"https:\/\/afammervalencia.es\/va\/wp-json\/wp\/v2\/types\/post"}],"author":[{"embeddable":true,"href":"https:\/\/afammervalencia.es\/va\/wp-json\/wp\/v2\/users\/1"}],"replies":[{"embeddable":true,"href":"https:\/\/afammervalencia.es\/va\/wp-json\/wp\/v2\/comments?post=2783"}],"version-history":[{"count":2,"href":"https:\/\/afammervalencia.es\/va\/wp-json\/wp\/v2\/posts\/2783\/revisions"}],"predecessor-version":[{"id":2785,"href":"https:\/\/afammervalencia.es\/va\/wp-json\/wp\/v2\/posts\/2783\/revisions\/2785"}],"wp:featuredmedia":[{"embeddable":true,"href":"https:\/\/afammervalencia.es\/va\/wp-json\/wp\/v2\/media\/2781"}],"wp:attachment":[{"href":"https:\/\/afammervalencia.es\/va\/wp-json\/wp\/v2\/media?parent=2783"}],"wp:term":[{"taxonomy":"category","embeddable":true,"href":"https:\/\/afammervalencia.es\/va\/wp-json\/wp\/v2\/categories?post=2783"},{"taxonomy":"post_tag","embeddable":true,"href":"https:\/\/afammervalencia.es\/va\/wp-json\/wp\/v2\/tags?post=2783"}],"curies":[{"name":"wp","href":"https:\/\/api.w.org\/{rel}","templated":true}]}}