{"id":2791,"date":"2026-04-30T14:42:47","date_gmt":"2026-04-30T12:42:47","guid":{"rendered":"https:\/\/afammervalencia.es\/mujer-rural-raiz-de-vida\/"},"modified":"2026-04-30T14:45:49","modified_gmt":"2026-04-30T12:45:49","slug":"mujer-rural-raiz-de-vida","status":"publish","type":"post","link":"https:\/\/afammervalencia.es\/va\/mujer-rural-raiz-de-vida\/","title":{"rendered":"Dona rural, arrel de vida"},"content":{"rendered":"<p style=\"font-weight: 400;\"><strong>Arrel de vida<\/strong><strong>. <\/strong>L\u2019acte d\u2019Afammer a Atzeneta del Maestrat va ser tot un \u00e8xit. Des d\u2019ac\u00ed volem agrair la participaci\u00f3 a la vicepresidenta primera de la Diputaci\u00f3 de Castell\u00f3, a Santiago Agustina, alcalde d\u2019Atzeneta, per la col\u00b7laboraci\u00f3 de l\u2019Ajuntament d\u2019<a href=\"https:\/\/www.atzenetadelmaestrat.es\">Atzeneta del Maestrat<\/a>, i a la directora territorial d\u2019Agricultura.<\/p>\n<p style=\"font-weight: 400;\"><strong>Arrel de vida. <\/strong>Des d\u2019Afammer Nacional es destaca el comprom\u00eds amb el m\u00f3n rural i el paper de la dona. Ahir es va demostrar que el m\u00f3n rural est\u00e0 m\u00e9s viu que mai. Tamb\u00e9 van compartir aquesta jornada les nostres companyes d\u2019<a href=\"https:\/\/afammervalencia.es\/va\/projecte-com-partim-2025\/\">Afammer Val\u00e8ncia<\/a> i la nostra presidenta de la Comunitat Valenciana, Amparo Mora Castell\u00e0.<\/p>\n<p style=\"font-weight: 400;\">\n<p>&nbsp;<\/p>\n","protected":false},"excerpt":{"rendered":"<p>Arrel de vida. L\u2019acte d\u2019Afammer a Atzeneta del Maestrat va ser tot un \u00e8xit. Des d\u2019ac\u00ed volem agrair la participaci\u00f3 a la vicepresidenta primera de la Diputaci\u00f3 de Castell\u00f3, a&#8230;<\/p>\n","protected":false},"author":1,"featured_media":2788,"comment_status":"open","ping_status":"open","sticky":false,"template":"","format":"standard","meta":{"footnotes":""},"categories":[22,156,269,27],"tags":[335],"class_list":{"0":"post-2791","1":"post","2":"type-post","3":"status-publish","4":"format-standard","5":"has-post-thumbnail","7":"category-activitas","8":"category-afammer-valencia-va","9":"category-generalitat-valenciana-va","10":"category-informacio-general","11":"tag-atzeneta-de-albaida"},"yoast_head":"<!-- This site is optimized with the Yoast SEO plugin v27.5 - https:\/\/yoast.com\/product\/yoast-seo-wordpress\/ -->\n<title>Arrel de vida<\/title>\n<meta name=\"description\" content=\"Ra\u00edz de vida, mujer rural evento organizado en Atzeneta de Albaida\" \/>\n<meta name=\"robots\" content=\"index, follow, max-snippet:-1, max-image-preview:large, max-video-preview:-1\" \/>\n<link rel=\"canonical\" href=\"https:\/\/afammervalencia.es\/va\/mujer-rural-raiz-de-vida\/\" \/>\n<meta property=\"og:locale\" content=\"en_US\" \/>\n<meta property=\"og:type\" content=\"article\" \/>\n<meta property=\"og:title\" content=\"Arrel de vida\" \/>\n<meta property=\"og:description\" content=\"Ra\u00edz de vida, mujer rural evento organizado en Atzeneta de Albaida\" \/>\n<meta property=\"og:url\" content=\"https:\/\/afammervalencia.es\/va\/mujer-rural-raiz-de-vida\/\" \/>\n<meta property=\"og:site_name\" content=\"AFAMMER\" \/>\n<meta property=\"article:published_time\" content=\"2026-04-30T12:42:47+00:00\" \/>\n<meta property=\"article:modified_time\" content=\"2026-04-30T12:45:49+00:00\" \/>\n<meta property=\"og:image\" content=\"http:\/\/afammervalencia.es\/wp-content\/uploads\/2026\/04\/677936403_122109273261163023_5722663855350360061_n.jpg\" \/>\n\t<meta property=\"og:image:width\" content=\"960\" \/>\n\t<meta property=\"og:image:height\" content=\"1280\" \/>\n\t<meta property=\"og:image:type\" content=\"image\/jpeg\" \/>\n<meta name=\"author\" content=\"AFAMMER Valencia\" \/>\n<meta name=\"twitter:card\" content=\"summary_large_image\" \/>\n<meta name=\"twitter:label1\" content=\"Written by\" \/>\n\t<meta name=\"twitter:data1\" content=\"AFAMMER Valencia\" \/>\n\t<meta name=\"twitter:label2\" content=\"Est. reading time\" \/>\n\t<meta name=\"twitter:data2\" content=\"1 minute\" \/>\n<script type=\"application\/ld+json\" class=\"yoast-schema-graph\">{\"@context\":\"https:\\\/\\\/schema.org\",\"@graph\":[{\"@type\":\"Article\",\"@id\":\"https:\\\/\\\/afammervalencia.es\\\/va\\\/mujer-rural-raiz-de-vida\\\/#article\",\"isPartOf\":{\"@id\":\"https:\\\/\\\/afammervalencia.es\\\/va\\\/mujer-rural-raiz-de-vida\\\/\"},\"author\":{\"name\":\"AFAMMER Valencia\",\"@id\":\"https:\\\/\\\/afammervalencia.es\\\/#\\\/schema\\\/person\\\/bf79401828d0b947b26878780a717ddd\"},\"headline\":\"Dona rural, arrel de vida\",\"datePublished\":\"2026-04-30T12:42:47+00:00\",\"dateModified\":\"2026-04-30T12:45:49+00:00\",\"mainEntityOfPage\":{\"@id\":\"https:\\\/\\\/afammervalencia.es\\\/va\\\/mujer-rural-raiz-de-vida\\\/\"},\"wordCount\":123,\"commentCount\":0,\"image\":{\"@id\":\"https:\\\/\\\/afammervalencia.es\\\/va\\\/mujer-rural-raiz-de-vida\\\/#primaryimage\"},\"thumbnailUrl\":\"https:\\\/\\\/afammervalencia.es\\\/wp-content\\\/uploads\\\/2026\\\/04\\\/677936403_122109273261163023_5722663855350360061_n.jpg\",\"keywords\":[\"Atzeneta de Albaida\"],\"articleSection\":[\"Activitats\",\"Afammer Valencia\",\"Generalitat Valenciana\",\"Informaci\u00f3 general\"],\"inLanguage\":\"val\",\"potentialAction\":[{\"@type\":\"CommentAction\",\"name\":\"Comment\",\"target\":[\"https:\\\/\\\/afammervalencia.es\\\/va\\\/mujer-rural-raiz-de-vida\\\/#respond\"]}]},{\"@type\":\"WebPage\",\"@id\":\"https:\\\/\\\/afammervalencia.es\\\/va\\\/mujer-rural-raiz-de-vida\\\/\",\"url\":\"https:\\\/\\\/afammervalencia.es\\\/va\\\/mujer-rural-raiz-de-vida\\\/\",\"name\":\"Arrel de vida\",\"isPartOf\":{\"@id\":\"https:\\\/\\\/afammervalencia.es\\\/#website\"},\"primaryImageOfPage\":{\"@id\":\"https:\\\/\\\/afammervalencia.es\\\/va\\\/mujer-rural-raiz-de-vida\\\/#primaryimage\"},\"image\":{\"@id\":\"https:\\\/\\\/afammervalencia.es\\\/va\\\/mujer-rural-raiz-de-vida\\\/#primaryimage\"},\"thumbnailUrl\":\"https:\\\/\\\/afammervalencia.es\\\/wp-content\\\/uploads\\\/2026\\\/04\\\/677936403_122109273261163023_5722663855350360061_n.jpg\",\"datePublished\":\"2026-04-30T12:42:47+00:00\",\"dateModified\":\"2026-04-30T12:45:49+00:00\",\"author\":{\"@id\":\"https:\\\/\\\/afammervalencia.es\\\/#\\\/schema\\\/person\\\/bf79401828d0b947b26878780a717ddd\"},\"description\":\"Ra\u00edz de vida, mujer rural evento organizado en Atzeneta de Albaida\",\"breadcrumb\":{\"@id\":\"https:\\\/\\\/afammervalencia.es\\\/va\\\/mujer-rural-raiz-de-vida\\\/#breadcrumb\"},\"inLanguage\":\"val\",\"potentialAction\":[{\"@type\":\"ReadAction\",\"target\":[\"https:\\\/\\\/afammervalencia.es\\\/va\\\/mujer-rural-raiz-de-vida\\\/\"]}]},{\"@type\":\"ImageObject\",\"inLanguage\":\"val\",\"@id\":\"https:\\\/\\\/afammervalencia.es\\\/va\\\/mujer-rural-raiz-de-vida\\\/#primaryimage\",\"url\":\"https:\\\/\\\/afammervalencia.es\\\/wp-content\\\/uploads\\\/2026\\\/04\\\/677936403_122109273261163023_5722663855350360061_n.jpg\",\"contentUrl\":\"https:\\\/\\\/afammervalencia.es\\\/wp-content\\\/uploads\\\/2026\\\/04\\\/677936403_122109273261163023_5722663855350360061_n.jpg\",\"width\":960,\"height\":1280,\"caption\":\"ra\u00edz de vida\"},{\"@type\":\"BreadcrumbList\",\"@id\":\"https:\\\/\\\/afammervalencia.es\\\/va\\\/mujer-rural-raiz-de-vida\\\/#breadcrumb\",\"itemListElement\":[{\"@type\":\"ListItem\",\"position\":1,\"name\":\"Portada\",\"item\":\"https:\\\/\\\/afammervalencia.es\\\/va\\\/\"},{\"@type\":\"ListItem\",\"position\":2,\"name\":\"Dona rural, arrel de vida\"}]},{\"@type\":\"WebSite\",\"@id\":\"https:\\\/\\\/afammervalencia.es\\\/#website\",\"url\":\"https:\\\/\\\/afammervalencia.es\\\/\",\"name\":\"AFAMMER\",\"description\":\"Valencia\",\"potentialAction\":[{\"@type\":\"SearchAction\",\"target\":{\"@type\":\"EntryPoint\",\"urlTemplate\":\"https:\\\/\\\/afammervalencia.es\\\/?s={search_term_string}\"},\"query-input\":{\"@type\":\"PropertyValueSpecification\",\"valueRequired\":true,\"valueName\":\"search_term_string\"}}],\"inLanguage\":\"val\"},{\"@type\":\"Person\",\"@id\":\"https:\\\/\\\/afammervalencia.es\\\/#\\\/schema\\\/person\\\/bf79401828d0b947b26878780a717ddd\",\"name\":\"AFAMMER Valencia\",\"image\":{\"@type\":\"ImageObject\",\"inLanguage\":\"val\",\"@id\":\"https:\\\/\\\/secure.gravatar.com\\\/avatar\\\/0ebdb257d8a3a80b0d981ea4df6b5e68e40e83c18e08fc9dbf6e713b65f61e46?s=96&d=mm&r=g\",\"url\":\"https:\\\/\\\/secure.gravatar.com\\\/avatar\\\/0ebdb257d8a3a80b0d981ea4df6b5e68e40e83c18e08fc9dbf6e713b65f61e46?s=96&d=mm&r=g\",\"contentUrl\":\"https:\\\/\\\/secure.gravatar.com\\\/avatar\\\/0ebdb257d8a3a80b0d981ea4df6b5e68e40e83c18e08fc9dbf6e713b65f61e46?s=96&d=mm&r=g\",\"caption\":\"AFAMMER Valencia\"},\"sameAs\":[\"http:\\\/\\\/afammervalencia.es\"],\"url\":\"https:\\\/\\\/afammervalencia.es\\\/va\\\/author\\\/administrador-autorizado\\\/\"}]}<\/script>\n<!-- \/ Yoast SEO plugin. -->","yoast_head_json":{"title":"Arrel de vida","description":"Ra\u00edz de vida, mujer rural evento organizado en Atzeneta de Albaida","robots":{"index":"index","follow":"follow","max-snippet":"max-snippet:-1","max-image-preview":"max-image-preview:large","max-video-preview":"max-video-preview:-1"},"canonical":"https:\/\/afammervalencia.es\/va\/mujer-rural-raiz-de-vida\/","og_locale":"en_US","og_type":"article","og_title":"Arrel de vida","og_description":"Ra\u00edz de vida, mujer rural evento organizado en Atzeneta de Albaida","og_url":"https:\/\/afammervalencia.es\/va\/mujer-rural-raiz-de-vida\/","og_site_name":"AFAMMER","article_published_time":"2026-04-30T12:42:47+00:00","article_modified_time":"2026-04-30T12:45:49+00:00","og_image":[{"width":960,"height":1280,"url":"http:\/\/afammervalencia.es\/wp-content\/uploads\/2026\/04\/677936403_122109273261163023_5722663855350360061_n.jpg","type":"image\/jpeg"}],"author":"AFAMMER Valencia","twitter_card":"summary_large_image","twitter_misc":{"Written by":"AFAMMER Valencia","Est. reading time":"1 minute"},"schema":{"@context":"https:\/\/schema.org","@graph":[{"@type":"Article","@id":"https:\/\/afammervalencia.es\/va\/mujer-rural-raiz-de-vida\/#article","isPartOf":{"@id":"https:\/\/afammervalencia.es\/va\/mujer-rural-raiz-de-vida\/"},"author":{"name":"AFAMMER Valencia","@id":"https:\/\/afammervalencia.es\/#\/schema\/person\/bf79401828d0b947b26878780a717ddd"},"headline":"Dona rural, arrel de vida","datePublished":"2026-04-30T12:42:47+00:00","dateModified":"2026-04-30T12:45:49+00:00","mainEntityOfPage":{"@id":"https:\/\/afammervalencia.es\/va\/mujer-rural-raiz-de-vida\/"},"wordCount":123,"commentCount":0,"image":{"@id":"https:\/\/afammervalencia.es\/va\/mujer-rural-raiz-de-vida\/#primaryimage"},"thumbnailUrl":"https:\/\/afammervalencia.es\/wp-content\/uploads\/2026\/04\/677936403_122109273261163023_5722663855350360061_n.jpg","keywords":["Atzeneta de Albaida"],"articleSection":["Activitats","Afammer Valencia","Generalitat Valenciana","Informaci\u00f3 general"],"inLanguage":"val","potentialAction":[{"@type":"CommentAction","name":"Comment","target":["https:\/\/afammervalencia.es\/va\/mujer-rural-raiz-de-vida\/#respond"]}]},{"@type":"WebPage","@id":"https:\/\/afammervalencia.es\/va\/mujer-rural-raiz-de-vida\/","url":"https:\/\/afammervalencia.es\/va\/mujer-rural-raiz-de-vida\/","name":"Arrel de vida","isPartOf":{"@id":"https:\/\/afammervalencia.es\/#website"},"primaryImageOfPage":{"@id":"https:\/\/afammervalencia.es\/va\/mujer-rural-raiz-de-vida\/#primaryimage"},"image":{"@id":"https:\/\/afammervalencia.es\/va\/mujer-rural-raiz-de-vida\/#primaryimage"},"thumbnailUrl":"https:\/\/afammervalencia.es\/wp-content\/uploads\/2026\/04\/677936403_122109273261163023_5722663855350360061_n.jpg","datePublished":"2026-04-30T12:42:47+00:00","dateModified":"2026-04-30T12:45:49+00:00","author":{"@id":"https:\/\/afammervalencia.es\/#\/schema\/person\/bf79401828d0b947b26878780a717ddd"},"description":"Ra\u00edz de vida, mujer rural evento organizado en Atzeneta de Albaida","breadcrumb":{"@id":"https:\/\/afammervalencia.es\/va\/mujer-rural-raiz-de-vida\/#breadcrumb"},"inLanguage":"val","potentialAction":[{"@type":"ReadAction","target":["https:\/\/afammervalencia.es\/va\/mujer-rural-raiz-de-vida\/"]}]},{"@type":"ImageObject","inLanguage":"val","@id":"https:\/\/afammervalencia.es\/va\/mujer-rural-raiz-de-vida\/#primaryimage","url":"https:\/\/afammervalencia.es\/wp-content\/uploads\/2026\/04\/677936403_122109273261163023_5722663855350360061_n.jpg","contentUrl":"https:\/\/afammervalencia.es\/wp-content\/uploads\/2026\/04\/677936403_122109273261163023_5722663855350360061_n.jpg","width":960,"height":1280,"caption":"ra\u00edz de vida"},{"@type":"BreadcrumbList","@id":"https:\/\/afammervalencia.es\/va\/mujer-rural-raiz-de-vida\/#breadcrumb","itemListElement":[{"@type":"ListItem","position":1,"name":"Portada","item":"https:\/\/afammervalencia.es\/va\/"},{"@type":"ListItem","position":2,"name":"Dona rural, arrel de vida"}]},{"@type":"WebSite","@id":"https:\/\/afammervalencia.es\/#website","url":"https:\/\/afammervalencia.es\/","name":"AFAMMER","description":"Valencia","potentialAction":[{"@type":"SearchAction","target":{"@type":"EntryPoint","urlTemplate":"https:\/\/afammervalencia.es\/?s={search_term_string}"},"query-input":{"@type":"PropertyValueSpecification","valueRequired":true,"valueName":"search_term_string"}}],"inLanguage":"val"},{"@type":"Person","@id":"https:\/\/afammervalencia.es\/#\/schema\/person\/bf79401828d0b947b26878780a717ddd","name":"AFAMMER Valencia","image":{"@type":"ImageObject","inLanguage":"val","@id":"https:\/\/secure.gravatar.com\/avatar\/0ebdb257d8a3a80b0d981ea4df6b5e68e40e83c18e08fc9dbf6e713b65f61e46?s=96&d=mm&r=g","url":"https:\/\/secure.gravatar.com\/avatar\/0ebdb257d8a3a80b0d981ea4df6b5e68e40e83c18e08fc9dbf6e713b65f61e46?s=96&d=mm&r=g","contentUrl":"https:\/\/secure.gravatar.com\/avatar\/0ebdb257d8a3a80b0d981ea4df6b5e68e40e83c18e08fc9dbf6e713b65f61e46?s=96&d=mm&r=g","caption":"AFAMMER Valencia"},"sameAs":["http:\/\/afammervalencia.es"],"url":"https:\/\/afammervalencia.es\/va\/author\/administrador-autorizado\/"}]}},"_links":{"self":[{"href":"https:\/\/afammervalencia.es\/va\/wp-json\/wp\/v2\/posts\/2791","targetHints":{"allow":["GET"]}}],"collection":[{"href":"https:\/\/afammervalencia.es\/va\/wp-json\/wp\/v2\/posts"}],"about":[{"href":"https:\/\/afammervalencia.es\/va\/wp-json\/wp\/v2\/types\/post"}],"author":[{"embeddable":true,"href":"https:\/\/afammervalencia.es\/va\/wp-json\/wp\/v2\/users\/1"}],"replies":[{"embeddable":true,"href":"https:\/\/afammervalencia.es\/va\/wp-json\/wp\/v2\/comments?post=2791"}],"version-history":[{"count":2,"href":"https:\/\/afammervalencia.es\/va\/wp-json\/wp\/v2\/posts\/2791\/revisions"}],"predecessor-version":[{"id":2793,"href":"https:\/\/afammervalencia.es\/va\/wp-json\/wp\/v2\/posts\/2791\/revisions\/2793"}],"wp:featuredmedia":[{"embeddable":true,"href":"https:\/\/afammervalencia.es\/va\/wp-json\/wp\/v2\/media\/2788"}],"wp:attachment":[{"href":"https:\/\/afammervalencia.es\/va\/wp-json\/wp\/v2\/media?parent=2791"}],"wp:term":[{"taxonomy":"category","embeddable":true,"href":"https:\/\/afammervalencia.es\/va\/wp-json\/wp\/v2\/categories?post=2791"},{"taxonomy":"post_tag","embeddable":true,"href":"https:\/\/afammervalencia.es\/va\/wp-json\/wp\/v2\/tags?post=2791"}],"curies":[{"name":"wp","href":"https:\/\/api.w.org\/{rel}","templated":true}]}}